{"id":25057,"date":"2019-06-14T06:55:46","date_gmt":"2019-06-14T05:55:46","guid":{"rendered":"http:\/\/karin.stampis.com\/blog\/?p=25057"},"modified":"2019-06-12T19:56:27","modified_gmt":"2019-06-12T18:56:27","slug":"mys-med-alfred","status":"publish","type":"post","link":"http:\/\/karin.stampis.com\/blog\/?p=25057","title":{"rendered":"Mys med Alfred"},"content":{"rendered":"\n<p>F\u00f6rra g\u00e5ngen d\u00e5 vi var p\u00e5 landet, s\u00e5 h\u00e4ngde Alfred och jag sj\u00e4lva p\u00e5 g\u00e5rden lite grann. Han l\u00e4ste Kalle Anka i lugn och ro. Vi var ute lite i tr\u00e4dg\u00e5rden.<\/p>\n\n\n\n<figure class=\"wp-block-image\"><img loading=\"lazy\" decoding=\"async\" width=\"1000\" height=\"563\" src=\"http:\/\/karin.stampis.com\/blog\/wp-content\/uploads\/2019\/06\/DSC_0289.jpg\" alt=\"\" class=\"wp-image-25060\" srcset=\"http:\/\/karin.stampis.com\/blog\/wp-content\/uploads\/2019\/06\/DSC_0289.jpg 1000w, http:\/\/karin.stampis.com\/blog\/wp-content\/uploads\/2019\/06\/DSC_0289-360x203.jpg 360w, http:\/\/karin.stampis.com\/blog\/wp-content\/uploads\/2019\/06\/DSC_0289-768x432.jpg 768w\" sizes=\"auto, (max-width: 1000px) 100vw, 1000px\" \/><\/figure>\n\n\n\n<figure class=\"wp-block-image\"><img loading=\"lazy\" decoding=\"async\" width=\"1000\" height=\"563\" src=\"http:\/\/karin.stampis.com\/blog\/wp-content\/uploads\/2019\/06\/DSC_0303.jpg\" alt=\"\" class=\"wp-image-25062\" srcset=\"http:\/\/karin.stampis.com\/blog\/wp-content\/uploads\/2019\/06\/DSC_0303.jpg 1000w, http:\/\/karin.stampis.com\/blog\/wp-content\/uploads\/2019\/06\/DSC_0303-360x203.jpg 360w, http:\/\/karin.stampis.com\/blog\/wp-content\/uploads\/2019\/06\/DSC_0303-768x432.jpg 768w\" sizes=\"auto, (max-width: 1000px) 100vw, 1000px\" \/><figcaption>Uppskattar gr\u00f6nt s\u00e5 mycket nu, efter den f\u00f6rra tork-sommaren!<\/figcaption><\/figure>\n\n\n\n<p>Sen gick vi en promenad, d\u00e4r han ber\u00e4ttade f\u00f6r mig om superhj\u00e4ltar och filmer.<\/p>\n\n\n\n<ul class=\"wp-block-gallery columns-1 is-cropped wp-block-gallery-1 is-layout-flex wp-block-gallery-is-layout-flex\"><li class=\"blocks-gallery-item\"><figure><img loading=\"lazy\" decoding=\"async\" width=\"1000\" height=\"563\" src=\"http:\/\/karin.stampis.com\/blog\/wp-content\/uploads\/2019\/06\/DSC_0294.jpg\" alt=\"\" data-id=\"25059\" data-link=\"http:\/\/karin.stampis.com\/blog\/?attachment_id=25059\" class=\"wp-image-25059\" srcset=\"http:\/\/karin.stampis.com\/blog\/wp-content\/uploads\/2019\/06\/DSC_0294.jpg 1000w, http:\/\/karin.stampis.com\/blog\/wp-content\/uploads\/2019\/06\/DSC_0294-360x203.jpg 360w, http:\/\/karin.stampis.com\/blog\/wp-content\/uploads\/2019\/06\/DSC_0294-768x432.jpg 768w\" sizes=\"auto, (max-width: 1000px) 100vw, 1000px\" \/><\/figure><\/li><\/ul>\n\n\n\n<p>Sen gick vi och best\u00e4llde pizza. Medan vi v\u00e4ntade p\u00e5 pizzan gick vi till lekplatsen i n\u00e4rheten. Och titta vem som var d\u00e4r!<\/p>\n\n\n\n<figure class=\"wp-block-image\"><img loading=\"lazy\" decoding=\"async\" width=\"1000\" height=\"563\" src=\"http:\/\/karin.stampis.com\/blog\/wp-content\/uploads\/2019\/06\/DSC_0296.jpg\" alt=\"\" class=\"wp-image-25063\" srcset=\"http:\/\/karin.stampis.com\/blog\/wp-content\/uploads\/2019\/06\/DSC_0296.jpg 1000w, http:\/\/karin.stampis.com\/blog\/wp-content\/uploads\/2019\/06\/DSC_0296-360x203.jpg 360w, http:\/\/karin.stampis.com\/blog\/wp-content\/uploads\/2019\/06\/DSC_0296-768x432.jpg 768w\" sizes=\"auto, (max-width: 1000px) 100vw, 1000px\" \/><\/figure>\n\n\n\n<figure class=\"wp-block-image\"><img loading=\"lazy\" decoding=\"async\" width=\"563\" height=\"1000\" src=\"http:\/\/karin.stampis.com\/blog\/wp-content\/uploads\/2019\/06\/DSC_0299.jpg\" alt=\"\" class=\"wp-image-25061\" srcset=\"http:\/\/karin.stampis.com\/blog\/wp-content\/uploads\/2019\/06\/DSC_0299.jpg 563w, http:\/\/karin.stampis.com\/blog\/wp-content\/uploads\/2019\/06\/DSC_0299-203x360.jpg 203w\" sizes=\"auto, (max-width: 563px) 100vw, 563px\" \/><\/figure>\n","protected":false},"excerpt":{"rendered":"<p>F\u00f6rra g\u00e5ngen d\u00e5 vi var p\u00e5 landet, s\u00e5 h\u00e4ngde Alfred och jag sj\u00e4lva p\u00e5 g\u00e5rden lite grann. Han l\u00e4ste Kalle Anka i lugn och ro. Vi var ute lite i tr\u00e4dg\u00e5rden. Sen gick vi en promenad, d\u00e4r han ber\u00e4ttade f\u00f6r &hellip; <a href=\"http:\/\/karin.stampis.com\/blog\/?p=25057\">Continue reading <span class=\"meta-nav\">&rarr;<\/span><\/a><\/p>\n","protected":false},"author":1,"featured_media":0,"comment_status":"open","ping_status":"open","sticky":false,"template":"","format":"standard","meta":{"footnotes":""},"categories":[454,322,460],"tags":[],"class_list":["post-25057","post","type-post","status-publish","format-standard","hentry","category-454","category-alfred","category-juni-2019"],"_links":{"self":[{"href":"http:\/\/karin.stampis.com\/blog\/index.php?rest_route=\/wp\/v2\/posts\/25057","targetHints":{"allow":["GET"]}}],"collection":[{"href":"http:\/\/karin.stampis.com\/blog\/index.php?rest_route=\/wp\/v2\/posts"}],"about":[{"href":"http:\/\/karin.stampis.com\/blog\/index.php?rest_route=\/wp\/v2\/types\/post"}],"author":[{"embeddable":true,"href":"http:\/\/karin.stampis.com\/blog\/index.php?rest_route=\/wp\/v2\/users\/1"}],"replies":[{"embeddable":true,"href":"http:\/\/karin.stampis.com\/blog\/index.php?rest_route=%2Fwp%2Fv2%2Fcomments&post=25057"}],"version-history":[{"count":2,"href":"http:\/\/karin.stampis.com\/blog\/index.php?rest_route=\/wp\/v2\/posts\/25057\/revisions"}],"predecessor-version":[{"id":25064,"href":"http:\/\/karin.stampis.com\/blog\/index.php?rest_route=\/wp\/v2\/posts\/25057\/revisions\/25064"}],"wp:attachment":[{"href":"http:\/\/karin.stampis.com\/blog\/index.php?rest_route=%2Fwp%2Fv2%2Fmedia&parent=25057"}],"wp:term":[{"taxonomy":"category","embeddable":true,"href":"http:\/\/karin.stampis.com\/blog\/index.php?rest_route=%2Fwp%2Fv2%2Fcategories&post=25057"},{"taxonomy":"post_tag","embeddable":true,"href":"http:\/\/karin.stampis.com\/blog\/index.php?rest_route=%2Fwp%2Fv2%2Ftags&post=25057"}],"curies":[{"name":"wp","href":"https:\/\/api.w.org\/{rel}","templated":true}]}}