{"id":25081,"date":"2019-06-19T20:28:13","date_gmt":"2019-06-19T19:28:13","guid":{"rendered":"http:\/\/karin.stampis.com\/blog\/?p=25081"},"modified":"2019-06-19T20:28:13","modified_gmt":"2019-06-19T19:28:13","slug":"miniweekend-pa-brosarps-gastis","status":"publish","type":"post","link":"http:\/\/karin.stampis.com\/blog\/?p=25081","title":{"rendered":"Miniweekend p\u00e5 Br\u00f6sarps G\u00e4stis"},"content":{"rendered":"\n<p>Den 7-8 juni s\u00e5 firades makens f\u00f6delsedag genom en miniweekend p\u00e5 Br\u00f6sarps g\u00e4stis. Lite sent, men det \u00e4r roligare att ha minisemester utanf\u00f6r pollens\u00e4songen&#8230;<\/p>\n\n\n\n<figure class=\"wp-block-image\"><img loading=\"lazy\" decoding=\"async\" width=\"1000\" height=\"563\" src=\"http:\/\/karin.stampis.com\/blog\/wp-content\/uploads\/2019\/06\/DSC_0243.jpg\" alt=\"\" class=\"wp-image-25092\" srcset=\"http:\/\/karin.stampis.com\/blog\/wp-content\/uploads\/2019\/06\/DSC_0243.jpg 1000w, http:\/\/karin.stampis.com\/blog\/wp-content\/uploads\/2019\/06\/DSC_0243-360x203.jpg 360w, http:\/\/karin.stampis.com\/blog\/wp-content\/uploads\/2019\/06\/DSC_0243-768x432.jpg 768w\" sizes=\"auto, (max-width: 1000px) 100vw, 1000px\" \/><figcaption>Gick en promenad i vackra omgivningar.<\/figcaption><\/figure>\n\n\n\n<figure class=\"wp-block-image\"><img loading=\"lazy\" decoding=\"async\" width=\"1000\" height=\"563\" src=\"http:\/\/karin.stampis.com\/blog\/wp-content\/uploads\/2019\/06\/DSC_0369.jpg\" alt=\"\" class=\"wp-image-25089\" srcset=\"http:\/\/karin.stampis.com\/blog\/wp-content\/uploads\/2019\/06\/DSC_0369.jpg 1000w, http:\/\/karin.stampis.com\/blog\/wp-content\/uploads\/2019\/06\/DSC_0369-360x203.jpg 360w, http:\/\/karin.stampis.com\/blog\/wp-content\/uploads\/2019\/06\/DSC_0369-768x432.jpg 768w\" sizes=\"auto, (max-width: 1000px) 100vw, 1000px\" \/><figcaption>Eftermiddagsfika.<\/figcaption><\/figure>\n\n\n\n<figure class=\"wp-block-image\"><img loading=\"lazy\" decoding=\"async\" width=\"563\" height=\"1000\" src=\"http:\/\/karin.stampis.com\/blog\/wp-content\/uploads\/2019\/06\/DSC_0368.jpg\" alt=\"\" class=\"wp-image-25087\" srcset=\"http:\/\/karin.stampis.com\/blog\/wp-content\/uploads\/2019\/06\/DSC_0368.jpg 563w, http:\/\/karin.stampis.com\/blog\/wp-content\/uploads\/2019\/06\/DSC_0368-203x360.jpg 203w\" sizes=\"auto, (max-width: 563px) 100vw, 563px\" \/><\/figure>\n\n\n\n<figure class=\"wp-block-image\"><img loading=\"lazy\" decoding=\"async\" width=\"1000\" height=\"750\" src=\"http:\/\/karin.stampis.com\/blog\/wp-content\/uploads\/2019\/06\/DSC_0237.jpg\" alt=\"\" class=\"wp-image-25091\" srcset=\"http:\/\/karin.stampis.com\/blog\/wp-content\/uploads\/2019\/06\/DSC_0237.jpg 1000w, http:\/\/karin.stampis.com\/blog\/wp-content\/uploads\/2019\/06\/DSC_0237-360x270.jpg 360w, http:\/\/karin.stampis.com\/blog\/wp-content\/uploads\/2019\/06\/DSC_0237-768x576.jpg 768w\" sizes=\"auto, (max-width: 1000px) 100vw, 1000px\" \/><figcaption>Bodde i Guldrummet.<\/figcaption><\/figure>\n\n\n\n<figure class=\"wp-block-image\"><img loading=\"lazy\" decoding=\"async\" width=\"563\" height=\"1000\" src=\"http:\/\/karin.stampis.com\/blog\/wp-content\/uploads\/2019\/06\/DSC_0370-1.jpg\" alt=\"\" class=\"wp-image-25095\" srcset=\"http:\/\/karin.stampis.com\/blog\/wp-content\/uploads\/2019\/06\/DSC_0370-1.jpg 563w, http:\/\/karin.stampis.com\/blog\/wp-content\/uploads\/2019\/06\/DSC_0370-1-203x360.jpg 203w\" sizes=\"auto, (max-width: 563px) 100vw, 563px\" \/><figcaption>Bubbel, jordgubbar och chips (TVn var s\u00e5 malplacerad s\u00e5 vi h\u00e4ngde en filt \u00f6ver den).<\/figcaption><\/figure>\n\n\n\n<figure class=\"wp-block-image\"><img loading=\"lazy\" decoding=\"async\" width=\"1000\" height=\"750\" src=\"http:\/\/karin.stampis.com\/blog\/wp-content\/uploads\/2019\/06\/DSC_0251-1.jpg\" alt=\"\" class=\"wp-image-25093\" srcset=\"http:\/\/karin.stampis.com\/blog\/wp-content\/uploads\/2019\/06\/DSC_0251-1.jpg 1000w, http:\/\/karin.stampis.com\/blog\/wp-content\/uploads\/2019\/06\/DSC_0251-1-360x270.jpg 360w, http:\/\/karin.stampis.com\/blog\/wp-content\/uploads\/2019\/06\/DSC_0251-1-768x576.jpg 768w\" sizes=\"auto, (max-width: 1000px) 100vw, 1000px\" \/><figcaption>Middagsdags.<\/figcaption><\/figure>\n\n\n\n<figure class=\"wp-block-image\"><img loading=\"lazy\" decoding=\"async\" width=\"563\" height=\"1000\" src=\"http:\/\/karin.stampis.com\/blog\/wp-content\/uploads\/2019\/06\/DSCPDC_0001_BURST20190607194552171_COVER.jpg\" alt=\"\" class=\"wp-image-25090\" srcset=\"http:\/\/karin.stampis.com\/blog\/wp-content\/uploads\/2019\/06\/DSCPDC_0001_BURST20190607194552171_COVER.jpg 563w, http:\/\/karin.stampis.com\/blog\/wp-content\/uploads\/2019\/06\/DSCPDC_0001_BURST20190607194552171_COVER-203x360.jpg 203w\" sizes=\"auto, (max-width: 563px) 100vw, 563px\" \/><\/figure>\n\n\n\n<figure class=\"wp-block-image\"><img loading=\"lazy\" decoding=\"async\" width=\"1000\" height=\"563\" src=\"http:\/\/karin.stampis.com\/blog\/wp-content\/uploads\/2019\/06\/DSC_0272.jpg\" alt=\"\" class=\"wp-image-25085\" srcset=\"http:\/\/karin.stampis.com\/blog\/wp-content\/uploads\/2019\/06\/DSC_0272.jpg 1000w, http:\/\/karin.stampis.com\/blog\/wp-content\/uploads\/2019\/06\/DSC_0272-360x203.jpg 360w, http:\/\/karin.stampis.com\/blog\/wp-content\/uploads\/2019\/06\/DSC_0272-768x432.jpg 768w\" sizes=\"auto, (max-width: 1000px) 100vw, 1000px\" \/><figcaption>Gick p\u00e5 kv\u00e4llspromenad denna vackra sommarkv\u00e4ll.<\/figcaption><\/figure>\n\n\n\n<figure class=\"wp-block-image\"><img loading=\"lazy\" decoding=\"async\" width=\"1000\" height=\"563\" src=\"http:\/\/karin.stampis.com\/blog\/wp-content\/uploads\/2019\/06\/DSC_02881.jpg\" alt=\"\" class=\"wp-image-25084\" srcset=\"http:\/\/karin.stampis.com\/blog\/wp-content\/uploads\/2019\/06\/DSC_02881.jpg 1000w, http:\/\/karin.stampis.com\/blog\/wp-content\/uploads\/2019\/06\/DSC_02881-360x203.jpg 360w, http:\/\/karin.stampis.com\/blog\/wp-content\/uploads\/2019\/06\/DSC_02881-768x432.jpg 768w\" sizes=\"auto, (max-width: 1000px) 100vw, 1000px\" \/><figcaption>Bra-(nock) namn p\u00e5 huset.<\/figcaption><\/figure>\n\n\n\n<figure class=\"wp-block-image\"><img loading=\"lazy\" decoding=\"async\" width=\"1000\" height=\"563\" src=\"http:\/\/karin.stampis.com\/blog\/wp-content\/uploads\/2019\/06\/DSC_0310.jpg\" alt=\"\" class=\"wp-image-25083\" srcset=\"http:\/\/karin.stampis.com\/blog\/wp-content\/uploads\/2019\/06\/DSC_0310.jpg 1000w, http:\/\/karin.stampis.com\/blog\/wp-content\/uploads\/2019\/06\/DSC_0310-360x203.jpg 360w, http:\/\/karin.stampis.com\/blog\/wp-content\/uploads\/2019\/06\/DSC_0310-768x432.jpg 768w\" sizes=\"auto, (max-width: 1000px) 100vw, 1000px\" \/><figcaption>Dagen efter gick vi en sv\u00e4ng i Christinehofs ekopark. <\/figcaption><\/figure>\n","protected":false},"excerpt":{"rendered":"<p>Den 7-8 juni s\u00e5 firades makens f\u00f6delsedag genom en miniweekend p\u00e5 Br\u00f6sarps g\u00e4stis. Lite sent, men det \u00e4r roligare att ha minisemester utanf\u00f6r pollens\u00e4songen&#8230;<\/p>\n","protected":false},"author":1,"featured_media":0,"comment_status":"open","ping_status":"open","sticky":false,"template":"","format":"standard","meta":{"footnotes":""},"categories":[454,460,145,301],"tags":[],"class_list":["post-25081","post","type-post","status-publish","format-standard","hentry","category-454","category-juni-2019","category-resebloggar","category-utflykter-inom-skane"],"_links":{"self":[{"href":"http:\/\/karin.stampis.com\/blog\/index.php?rest_route=\/wp\/v2\/posts\/25081","targetHints":{"allow":["GET"]}}],"collection":[{"href":"http:\/\/karin.stampis.com\/blog\/index.php?rest_route=\/wp\/v2\/posts"}],"about":[{"href":"http:\/\/karin.stampis.com\/blog\/index.php?rest_route=\/wp\/v2\/types\/post"}],"author":[{"embeddable":true,"href":"http:\/\/karin.stampis.com\/blog\/index.php?rest_route=\/wp\/v2\/users\/1"}],"replies":[{"embeddable":true,"href":"http:\/\/karin.stampis.com\/blog\/index.php?rest_route=%2Fwp%2Fv2%2Fcomments&post=25081"}],"version-history":[{"count":2,"href":"http:\/\/karin.stampis.com\/blog\/index.php?rest_route=\/wp\/v2\/posts\/25081\/revisions"}],"predecessor-version":[{"id":25100,"href":"http:\/\/karin.stampis.com\/blog\/index.php?rest_route=\/wp\/v2\/posts\/25081\/revisions\/25100"}],"wp:attachment":[{"href":"http:\/\/karin.stampis.com\/blog\/index.php?rest_route=%2Fwp%2Fv2%2Fmedia&parent=25081"}],"wp:term":[{"taxonomy":"category","embeddable":true,"href":"http:\/\/karin.stampis.com\/blog\/index.php?rest_route=%2Fwp%2Fv2%2Fcategories&post=25081"},{"taxonomy":"post_tag","embeddable":true,"href":"http:\/\/karin.stampis.com\/blog\/index.php?rest_route=%2Fwp%2Fv2%2Ftags&post=25081"}],"curies":[{"name":"wp","href":"https:\/\/api.w.org\/{rel}","templated":true}]}}