{"id":25386,"date":"2019-08-29T06:44:14","date_gmt":"2019-08-29T05:44:14","guid":{"rendered":"http:\/\/karin.stampis.com\/blog\/?p=25386"},"modified":"2019-08-18T12:45:17","modified_gmt":"2019-08-18T11:45:17","slug":"sofiero-3","status":"publish","type":"post","link":"http:\/\/karin.stampis.com\/blog\/?p=25386","title":{"rendered":"Sofiero"},"content":{"rendered":"\n<p>Under semesterns sista dagar s\u00e5 bes\u00f6kte vi Sofiero.<\/p>\n\n\n\n<figure class=\"wp-block-image\"><img loading=\"lazy\" decoding=\"async\" width=\"1000\" height=\"563\" src=\"http:\/\/karin.stampis.com\/blog\/wp-content\/uploads\/2019\/08\/DSC_0918.jpg\" alt=\"\" class=\"wp-image-25493\" srcset=\"http:\/\/karin.stampis.com\/blog\/wp-content\/uploads\/2019\/08\/DSC_0918.jpg 1000w, http:\/\/karin.stampis.com\/blog\/wp-content\/uploads\/2019\/08\/DSC_0918-360x203.jpg 360w, http:\/\/karin.stampis.com\/blog\/wp-content\/uploads\/2019\/08\/DSC_0918-768x432.jpg 768w\" sizes=\"auto, (max-width: 1000px) 100vw, 1000px\" \/><figcaption>B\u00f6rjade med att bes\u00f6ka labyrinten och fika.<\/figcaption><\/figure>\n\n\n\n<figure class=\"wp-block-image\"><img loading=\"lazy\" decoding=\"async\" width=\"1000\" height=\"667\" src=\"http:\/\/karin.stampis.com\/blog\/wp-content\/uploads\/2019\/08\/DSC08810.jpg\" alt=\"\" class=\"wp-image-25492\" srcset=\"http:\/\/karin.stampis.com\/blog\/wp-content\/uploads\/2019\/08\/DSC08810.jpg 1000w, http:\/\/karin.stampis.com\/blog\/wp-content\/uploads\/2019\/08\/DSC08810-360x240.jpg 360w, http:\/\/karin.stampis.com\/blog\/wp-content\/uploads\/2019\/08\/DSC08810-768x512.jpg 768w\" sizes=\"auto, (max-width: 1000px) 100vw, 1000px\" \/><figcaption>Var inne p\u00e5 slottet och s\u00e5g en utst\u00e4llning med Carl Milles. &#8220;De \u00e4r nakenfisar&#8221; sa Viktor.<\/figcaption><\/figure>\n\n\n\n<figure class=\"wp-block-image\"><img loading=\"lazy\" decoding=\"async\" width=\"1000\" height=\"667\" src=\"http:\/\/karin.stampis.com\/blog\/wp-content\/uploads\/2019\/08\/DSC08814.jpg\" alt=\"\" class=\"wp-image-25491\" srcset=\"http:\/\/karin.stampis.com\/blog\/wp-content\/uploads\/2019\/08\/DSC08814.jpg 1000w, http:\/\/karin.stampis.com\/blog\/wp-content\/uploads\/2019\/08\/DSC08814-360x240.jpg 360w, http:\/\/karin.stampis.com\/blog\/wp-content\/uploads\/2019\/08\/DSC08814-768x512.jpg 768w\" sizes=\"auto, (max-width: 1000px) 100vw, 1000px\" \/><figcaption>\u00c5t i cafeet. De hade slut p\u00e5 det mesta, men pannkakor hade de iallafall. Det fanns \u00e4ven en ettrig geting d\u00e4r som var helt fokuserad p\u00e5 v\u00e5rt bord :p .<\/figcaption><\/figure>\n\n\n\n<figure class=\"wp-block-image\"><img loading=\"lazy\" decoding=\"async\" width=\"1000\" height=\"667\" src=\"http:\/\/karin.stampis.com\/blog\/wp-content\/uploads\/2019\/08\/DSC08816.jpg\" alt=\"\" class=\"wp-image-25489\" srcset=\"http:\/\/karin.stampis.com\/blog\/wp-content\/uploads\/2019\/08\/DSC08816.jpg 1000w, http:\/\/karin.stampis.com\/blog\/wp-content\/uploads\/2019\/08\/DSC08816-360x240.jpg 360w, http:\/\/karin.stampis.com\/blog\/wp-content\/uploads\/2019\/08\/DSC08816-768x512.jpg 768w\" sizes=\"auto, (max-width: 1000px) 100vw, 1000px\" \/><figcaption>Den r\u00f6da saften ville de ha, och lite kakor. <\/figcaption><\/figure>\n\n\n\n<figure class=\"wp-block-image\"><img loading=\"lazy\" decoding=\"async\" width=\"563\" height=\"1000\" src=\"http:\/\/karin.stampis.com\/blog\/wp-content\/uploads\/2019\/08\/DSC_0507.jpg\" alt=\"\" class=\"wp-image-25490\" srcset=\"http:\/\/karin.stampis.com\/blog\/wp-content\/uploads\/2019\/08\/DSC_0507.jpg 563w, http:\/\/karin.stampis.com\/blog\/wp-content\/uploads\/2019\/08\/DSC_0507-203x360.jpg 203w\" sizes=\"auto, (max-width: 563px) 100vw, 563px\" \/><figcaption>Jag gick ut till glasscafeet och k\u00f6pte en glass, som Viktor hj\u00e4lpte mig att \u00e4ta upp. Det var en konstig typ som s\u00e5lde glass. Han skopade upp dansk nougat till mig, vilket inte alls var vad jag best\u00e4llt. D\u00e5 jag p\u00e5pekade detta blev han uppr\u00f6rd och sa &#8220;jod\u00e5, du sa visst det, jag \u00e4r heeeeelt s\u00e4ker&#8221; ungef\u00e4r 10 g\u00e5nger, och sa att han minsann aldrig skopat upp fel glass under hela hans l\u00e5nga glassbarskarri\u00e4r. Jag stod dock p\u00e5 mig, och tillslut tog han motvilligt bort den felaktiga glasskulan och ersatte den med den som jag sagt fr\u00e5n b\u00f6rjan&#8230;Uj vad putt han var d\u00e5.<\/figcaption><\/figure>\n\n\n\n<figure class=\"wp-block-image\"><img loading=\"lazy\" decoding=\"async\" width=\"1000\" height=\"563\" src=\"http:\/\/karin.stampis.com\/blog\/wp-content\/uploads\/2019\/08\/DSC_0510.jpg\" alt=\"\" class=\"wp-image-25486\" srcset=\"http:\/\/karin.stampis.com\/blog\/wp-content\/uploads\/2019\/08\/DSC_0510.jpg 1000w, http:\/\/karin.stampis.com\/blog\/wp-content\/uploads\/2019\/08\/DSC_0510-360x203.jpg 360w, http:\/\/karin.stampis.com\/blog\/wp-content\/uploads\/2019\/08\/DSC_0510-768x432.jpg 768w\" sizes=\"auto, (max-width: 1000px) 100vw, 1000px\" \/><figcaption>Leker p\u00e5 lekplatsen.<\/figcaption><\/figure>\n\n\n\n<figure class=\"wp-block-image\"><img loading=\"lazy\" decoding=\"async\" width=\"563\" height=\"1000\" src=\"http:\/\/karin.stampis.com\/blog\/wp-content\/uploads\/2019\/08\/DSC_0512.jpg\" alt=\"\" class=\"wp-image-25485\" srcset=\"http:\/\/karin.stampis.com\/blog\/wp-content\/uploads\/2019\/08\/DSC_0512.jpg 563w, http:\/\/karin.stampis.com\/blog\/wp-content\/uploads\/2019\/08\/DSC_0512-203x360.jpg 203w\" sizes=\"auto, (max-width: 563px) 100vw, 563px\" \/><figcaption>Viktor lagar k\u00f6ttbullar och makaroner till mig.<\/figcaption><\/figure>\n\n\n\n<figure class=\"wp-block-image\"><img loading=\"lazy\" decoding=\"async\" width=\"563\" height=\"1000\" src=\"http:\/\/karin.stampis.com\/blog\/wp-content\/uploads\/2019\/08\/DSC_0509.jpg\" alt=\"\" class=\"wp-image-25487\" srcset=\"http:\/\/karin.stampis.com\/blog\/wp-content\/uploads\/2019\/08\/DSC_0509.jpg 563w, http:\/\/karin.stampis.com\/blog\/wp-content\/uploads\/2019\/08\/DSC_0509-203x360.jpg 203w\" sizes=\"auto, (max-width: 563px) 100vw, 563px\" \/><figcaption>Hittade en gammal bok jag k\u00e4nde igen i lekstugan som fanns d\u00e4r. <\/figcaption><\/figure>\n\n\n\n<figure class=\"wp-block-image\"><img loading=\"lazy\" decoding=\"async\" width=\"1000\" height=\"563\" src=\"http:\/\/karin.stampis.com\/blog\/wp-content\/uploads\/2019\/08\/DSC_0508.jpg\" alt=\"\" class=\"wp-image-25488\" srcset=\"http:\/\/karin.stampis.com\/blog\/wp-content\/uploads\/2019\/08\/DSC_0508.jpg 1000w, http:\/\/karin.stampis.com\/blog\/wp-content\/uploads\/2019\/08\/DSC_0508-360x203.jpg 360w, http:\/\/karin.stampis.com\/blog\/wp-content\/uploads\/2019\/08\/DSC_0508-768x432.jpg 768w\" sizes=\"auto, (max-width: 1000px) 100vw, 1000px\" \/><figcaption>Pk-polisen hade missat att denna boken fanns p\u00e5 Sofiero. Kan s\u00e4kert bli en helsidas artikel om detta i Sydsvenskan om pk-polisen f\u00e5r nys p\u00e5 detta.<\/figcaption><\/figure>\n\n\n\n<figure class=\"wp-block-image\"><img loading=\"lazy\" decoding=\"async\" width=\"563\" height=\"1000\" src=\"http:\/\/karin.stampis.com\/blog\/wp-content\/uploads\/2019\/08\/DSC_0924.jpg\" alt=\"\" class=\"wp-image-25484\" srcset=\"http:\/\/karin.stampis.com\/blog\/wp-content\/uploads\/2019\/08\/DSC_0924.jpg 563w, http:\/\/karin.stampis.com\/blog\/wp-content\/uploads\/2019\/08\/DSC_0924-203x360.jpg 203w\" sizes=\"auto, (max-width: 563px) 100vw, 563px\" \/><figcaption>Lyssnar p\u00e5 sagor i tr\u00e4den i sagoskogen.<\/figcaption><\/figure>\n\n\n\n<figure class=\"wp-block-image\"><img loading=\"lazy\" decoding=\"async\" width=\"1000\" height=\"563\" src=\"http:\/\/karin.stampis.com\/blog\/wp-content\/uploads\/2019\/08\/DSC_0521.jpg\" alt=\"\" class=\"wp-image-25483\" srcset=\"http:\/\/karin.stampis.com\/blog\/wp-content\/uploads\/2019\/08\/DSC_0521.jpg 1000w, http:\/\/karin.stampis.com\/blog\/wp-content\/uploads\/2019\/08\/DSC_0521-360x203.jpg 360w, http:\/\/karin.stampis.com\/blog\/wp-content\/uploads\/2019\/08\/DSC_0521-768x432.jpg 768w\" sizes=\"auto, (max-width: 1000px) 100vw, 1000px\" \/><figcaption>Kollade in totempolen medan pappan tar igen sig.<\/figcaption><\/figure>\n\n\n\n<figure class=\"wp-block-image\"><img loading=\"lazy\" decoding=\"async\" width=\"1000\" height=\"563\" src=\"http:\/\/karin.stampis.com\/blog\/wp-content\/uploads\/2019\/08\/DSC_0526.jpg\" alt=\"\" class=\"wp-image-25482\" srcset=\"http:\/\/karin.stampis.com\/blog\/wp-content\/uploads\/2019\/08\/DSC_0526.jpg 1000w, http:\/\/karin.stampis.com\/blog\/wp-content\/uploads\/2019\/08\/DSC_0526-360x203.jpg 360w, http:\/\/karin.stampis.com\/blog\/wp-content\/uploads\/2019\/08\/DSC_0526-768x432.jpg 768w\" sizes=\"auto, (max-width: 1000px) 100vw, 1000px\" \/><figcaption>Vackert.<\/figcaption><\/figure>\n\n\n\n<figure class=\"wp-block-image\"><img loading=\"lazy\" decoding=\"async\" width=\"1000\" height=\"667\" src=\"http:\/\/karin.stampis.com\/blog\/wp-content\/uploads\/2019\/08\/DSC08819.jpg\" alt=\"\" class=\"wp-image-25481\" srcset=\"http:\/\/karin.stampis.com\/blog\/wp-content\/uploads\/2019\/08\/DSC08819.jpg 1000w, http:\/\/karin.stampis.com\/blog\/wp-content\/uploads\/2019\/08\/DSC08819-360x240.jpg 360w, http:\/\/karin.stampis.com\/blog\/wp-content\/uploads\/2019\/08\/DSC08819-768x512.jpg 768w\" sizes=\"auto, (max-width: 1000px) 100vw, 1000px\" \/><figcaption>Efter att varit gr\u00e5tt och regnigt mestadelen av tiden s\u00e5 blev det j\u00e4ttefint ljus under den sista stunden av v\u00e5r visit.<\/figcaption><\/figure>\n\n\n\n<figure class=\"wp-block-image\"><img loading=\"lazy\" decoding=\"async\" width=\"1000\" height=\"667\" src=\"http:\/\/karin.stampis.com\/blog\/wp-content\/uploads\/2019\/08\/DSC08823.jpg\" alt=\"\" class=\"wp-image-25480\" srcset=\"http:\/\/karin.stampis.com\/blog\/wp-content\/uploads\/2019\/08\/DSC08823.jpg 1000w, http:\/\/karin.stampis.com\/blog\/wp-content\/uploads\/2019\/08\/DSC08823-360x240.jpg 360w, http:\/\/karin.stampis.com\/blog\/wp-content\/uploads\/2019\/08\/DSC08823-768x512.jpg 768w\" sizes=\"auto, (max-width: 1000px) 100vw, 1000px\" \/><\/figure>\n\n\n\n<figure class=\"wp-block-image\"><img loading=\"lazy\" decoding=\"async\" width=\"1000\" height=\"667\" src=\"http:\/\/karin.stampis.com\/blog\/wp-content\/uploads\/2019\/08\/DSC08829.jpg\" alt=\"\" class=\"wp-image-25479\" srcset=\"http:\/\/karin.stampis.com\/blog\/wp-content\/uploads\/2019\/08\/DSC08829.jpg 1000w, http:\/\/karin.stampis.com\/blog\/wp-content\/uploads\/2019\/08\/DSC08829-360x240.jpg 360w, http:\/\/karin.stampis.com\/blog\/wp-content\/uploads\/2019\/08\/DSC08829-768x512.jpg 768w\" sizes=\"auto, (max-width: 1000px) 100vw, 1000px\" \/><\/figure>\n","protected":false},"excerpt":{"rendered":"<p>Under semesterns sista dagar s\u00e5 bes\u00f6kte vi Sofiero.<\/p>\n","protected":false},"author":1,"featured_media":0,"comment_status":"open","ping_status":"open","sticky":false,"template":"","format":"standard","meta":{"footnotes":""},"categories":[454,463,301],"tags":[],"class_list":["post-25386","post","type-post","status-publish","format-standard","hentry","category-454","category-augusti-2019","category-utflykter-inom-skane"],"_links":{"self":[{"href":"http:\/\/karin.stampis.com\/blog\/index.php?rest_route=\/wp\/v2\/posts\/25386","targetHints":{"allow":["GET"]}}],"collection":[{"href":"http:\/\/karin.stampis.com\/blog\/index.php?rest_route=\/wp\/v2\/posts"}],"about":[{"href":"http:\/\/karin.stampis.com\/blog\/index.php?rest_route=\/wp\/v2\/types\/post"}],"author":[{"embeddable":true,"href":"http:\/\/karin.stampis.com\/blog\/index.php?rest_route=\/wp\/v2\/users\/1"}],"replies":[{"embeddable":true,"href":"http:\/\/karin.stampis.com\/blog\/index.php?rest_route=%2Fwp%2Fv2%2Fcomments&post=25386"}],"version-history":[{"count":4,"href":"http:\/\/karin.stampis.com\/blog\/index.php?rest_route=\/wp\/v2\/posts\/25386\/revisions"}],"predecessor-version":[{"id":25495,"href":"http:\/\/karin.stampis.com\/blog\/index.php?rest_route=\/wp\/v2\/posts\/25386\/revisions\/25495"}],"wp:attachment":[{"href":"http:\/\/karin.stampis.com\/blog\/index.php?rest_route=%2Fwp%2Fv2%2Fmedia&parent=25386"}],"wp:term":[{"taxonomy":"category","embeddable":true,"href":"http:\/\/karin.stampis.com\/blog\/index.php?rest_route=%2Fwp%2Fv2%2Fcategories&post=25386"},{"taxonomy":"post_tag","embeddable":true,"href":"http:\/\/karin.stampis.com\/blog\/index.php?rest_route=%2Fwp%2Fv2%2Ftags&post=25386"}],"curies":[{"name":"wp","href":"https:\/\/api.w.org\/{rel}","templated":true}]}}