{"id":25517,"date":"2019-09-07T07:50:19","date_gmt":"2019-09-07T06:50:19","guid":{"rendered":"http:\/\/karin.stampis.com\/blog\/?p=25517"},"modified":"2019-09-03T14:51:21","modified_gmt":"2019-09-03T13:51:21","slug":"utefrukost","status":"publish","type":"post","link":"http:\/\/karin.stampis.com\/blog\/?p=25517","title":{"rendered":"Utefrukost"},"content":{"rendered":"\n<p>I slutet av Augusti s\u00e5 kom en period av riktig h\u00f6gsommarv\u00e4rme. Det blev m\u00e5nga utefrukostar d\u00e5, h\u00e4rligt! Killarna var mest inomhus med sitt, men ibland kom Viktor ut. K\u00e4nner mig lite melankolisk f\u00f6r att sommaren \u00e4r slut och det blir m\u00f6rkt och kallt, m\u00e4h :\/.<\/p>\n\n\n\n<figure class=\"wp-block-image\"><img loading=\"lazy\" decoding=\"async\" width=\"647\" height=\"1000\" src=\"http:\/\/karin.stampis.com\/blog\/wp-content\/uploads\/2019\/09\/DSC_0572-1.jpg\" alt=\"\" class=\"wp-image-25527\" srcset=\"http:\/\/karin.stampis.com\/blog\/wp-content\/uploads\/2019\/09\/DSC_0572-1.jpg 647w, http:\/\/karin.stampis.com\/blog\/wp-content\/uploads\/2019\/09\/DSC_0572-1-233x360.jpg 233w\" sizes=\"auto, (max-width: 647px) 100vw, 647px\" \/><\/figure>\n","protected":false},"excerpt":{"rendered":"<p>I slutet av Augusti s\u00e5 kom en period av riktig h\u00f6gsommarv\u00e4rme. Det blev m\u00e5nga utefrukostar d\u00e5, h\u00e4rligt! Killarna var mest inomhus med sitt, men ibland kom Viktor ut. K\u00e4nner mig lite melankolisk f\u00f6r att sommaren \u00e4r slut och det blir &hellip; <a href=\"http:\/\/karin.stampis.com\/blog\/?p=25517\">Continue reading <span class=\"meta-nav\">&rarr;<\/span><\/a><\/p>\n","protected":false},"author":1,"featured_media":0,"comment_status":"open","ping_status":"open","sticky":false,"template":"","format":"standard","meta":{"footnotes":""},"categories":[454,463,464,410],"tags":[],"class_list":["post-25517","post","type-post","status-publish","format-standard","hentry","category-454","category-augusti-2019","category-september-2019","category-viktor"],"_links":{"self":[{"href":"http:\/\/karin.stampis.com\/blog\/index.php?rest_route=\/wp\/v2\/posts\/25517","targetHints":{"allow":["GET"]}}],"collection":[{"href":"http:\/\/karin.stampis.com\/blog\/index.php?rest_route=\/wp\/v2\/posts"}],"about":[{"href":"http:\/\/karin.stampis.com\/blog\/index.php?rest_route=\/wp\/v2\/types\/post"}],"author":[{"embeddable":true,"href":"http:\/\/karin.stampis.com\/blog\/index.php?rest_route=\/wp\/v2\/users\/1"}],"replies":[{"embeddable":true,"href":"http:\/\/karin.stampis.com\/blog\/index.php?rest_route=%2Fwp%2Fv2%2Fcomments&post=25517"}],"version-history":[{"count":3,"href":"http:\/\/karin.stampis.com\/blog\/index.php?rest_route=\/wp\/v2\/posts\/25517\/revisions"}],"predecessor-version":[{"id":25528,"href":"http:\/\/karin.stampis.com\/blog\/index.php?rest_route=\/wp\/v2\/posts\/25517\/revisions\/25528"}],"wp:attachment":[{"href":"http:\/\/karin.stampis.com\/blog\/index.php?rest_route=%2Fwp%2Fv2%2Fmedia&parent=25517"}],"wp:term":[{"taxonomy":"category","embeddable":true,"href":"http:\/\/karin.stampis.com\/blog\/index.php?rest_route=%2Fwp%2Fv2%2Fcategories&post=25517"},{"taxonomy":"post_tag","embeddable":true,"href":"http:\/\/karin.stampis.com\/blog\/index.php?rest_route=%2Fwp%2Fv2%2Ftags&post=25517"}],"curies":[{"name":"wp","href":"https:\/\/api.w.org\/{rel}","templated":true}]}}