{"id":25613,"date":"2019-10-08T07:01:31","date_gmt":"2019-10-08T06:01:31","guid":{"rendered":"http:\/\/karin.stampis.com\/blog\/?p=25613"},"modified":"2019-10-06T09:05:02","modified_gmt":"2019-10-06T08:05:02","slug":"friidrottsvm","status":"publish","type":"post","link":"http:\/\/karin.stampis.com\/blog\/?p=25613","title":{"rendered":"FriidrottsVM"},"content":{"rendered":"\n<p>Alfred fick vara uppe med oss en kv\u00e4ll och se p\u00e5 friidrottsVM &#8211; bl.a. stavfinalen. Det var l\u00e4\u00e4\u00e4ngesen jag s\u00e5g p\u00e5 friidrott, men det var kul. Alfred hejade ivrigt p\u00e5 den svenske medaljfavoriten och var helt till sig (det var en sp\u00e4nnande t\u00e4vling). Det var sv\u00e5rt att f\u00e5 till foton \ud83d\ude09 , men undef\u00e4r s\u00e5h\u00e4r s\u00e5g det ut.<\/p>\n\n\n\n<figure class=\"wp-block-image\"><img loading=\"lazy\" decoding=\"async\" width=\"563\" height=\"1000\" src=\"http:\/\/karin.stampis.com\/blog\/wp-content\/uploads\/2019\/10\/DSC_0826.jpg\" alt=\"\" class=\"wp-image-25614\" srcset=\"http:\/\/karin.stampis.com\/blog\/wp-content\/uploads\/2019\/10\/DSC_0826.jpg 563w, http:\/\/karin.stampis.com\/blog\/wp-content\/uploads\/2019\/10\/DSC_0826-203x360.jpg 203w\" sizes=\"auto, (max-width: 563px) 100vw, 563px\" \/><\/figure>\n\n\n\n<figure class=\"wp-block-image\"><img loading=\"lazy\" decoding=\"async\" width=\"563\" height=\"1000\" src=\"http:\/\/karin.stampis.com\/blog\/wp-content\/uploads\/2019\/10\/DSC_0825.jpg\" alt=\"\" class=\"wp-image-25615\" srcset=\"http:\/\/karin.stampis.com\/blog\/wp-content\/uploads\/2019\/10\/DSC_0825.jpg 563w, http:\/\/karin.stampis.com\/blog\/wp-content\/uploads\/2019\/10\/DSC_0825-203x360.jpg 203w\" sizes=\"auto, (max-width: 563px) 100vw, 563px\" \/><\/figure>\n\n\n\n<figure class=\"wp-block-image\"><img loading=\"lazy\" decoding=\"async\" width=\"563\" height=\"1000\" src=\"http:\/\/karin.stampis.com\/blog\/wp-content\/uploads\/2019\/10\/DSC_0822.jpg\" alt=\"\" class=\"wp-image-25616\" srcset=\"http:\/\/karin.stampis.com\/blog\/wp-content\/uploads\/2019\/10\/DSC_0822.jpg 563w, http:\/\/karin.stampis.com\/blog\/wp-content\/uploads\/2019\/10\/DSC_0822-203x360.jpg 203w\" sizes=\"auto, (max-width: 563px) 100vw, 563px\" \/><\/figure>\n","protected":false},"excerpt":{"rendered":"<p>Alfred fick vara uppe med oss en kv\u00e4ll och se p\u00e5 friidrottsVM &#8211; bl.a. stavfinalen. Det var l\u00e4\u00e4\u00e4ngesen jag s\u00e5g p\u00e5 friidrott, men det var kul. Alfred hejade ivrigt p\u00e5 den svenske medaljfavoriten och var helt till sig (det var &hellip; <a href=\"http:\/\/karin.stampis.com\/blog\/?p=25613\">Continue reading <span class=\"meta-nav\">&rarr;<\/span><\/a><\/p>\n","protected":false},"author":1,"featured_media":0,"comment_status":"open","ping_status":"open","sticky":false,"template":"","format":"standard","meta":{"footnotes":""},"categories":[454,322,466],"tags":[],"class_list":["post-25613","post","type-post","status-publish","format-standard","hentry","category-454","category-alfred","category-oktober-2019"],"_links":{"self":[{"href":"http:\/\/karin.stampis.com\/blog\/index.php?rest_route=\/wp\/v2\/posts\/25613","targetHints":{"allow":["GET"]}}],"collection":[{"href":"http:\/\/karin.stampis.com\/blog\/index.php?rest_route=\/wp\/v2\/posts"}],"about":[{"href":"http:\/\/karin.stampis.com\/blog\/index.php?rest_route=\/wp\/v2\/types\/post"}],"author":[{"embeddable":true,"href":"http:\/\/karin.stampis.com\/blog\/index.php?rest_route=\/wp\/v2\/users\/1"}],"replies":[{"embeddable":true,"href":"http:\/\/karin.stampis.com\/blog\/index.php?rest_route=%2Fwp%2Fv2%2Fcomments&post=25613"}],"version-history":[{"count":1,"href":"http:\/\/karin.stampis.com\/blog\/index.php?rest_route=\/wp\/v2\/posts\/25613\/revisions"}],"predecessor-version":[{"id":25617,"href":"http:\/\/karin.stampis.com\/blog\/index.php?rest_route=\/wp\/v2\/posts\/25613\/revisions\/25617"}],"wp:attachment":[{"href":"http:\/\/karin.stampis.com\/blog\/index.php?rest_route=%2Fwp%2Fv2%2Fmedia&parent=25613"}],"wp:term":[{"taxonomy":"category","embeddable":true,"href":"http:\/\/karin.stampis.com\/blog\/index.php?rest_route=%2Fwp%2Fv2%2Fcategories&post=25613"},{"taxonomy":"post_tag","embeddable":true,"href":"http:\/\/karin.stampis.com\/blog\/index.php?rest_route=%2Fwp%2Fv2%2Ftags&post=25613"}],"curies":[{"name":"wp","href":"https:\/\/api.w.org\/{rel}","templated":true}]}}