{"id":25719,"date":"2019-10-27T16:34:34","date_gmt":"2019-10-27T15:34:34","guid":{"rendered":"http:\/\/karin.stampis.com\/blog\/?p=25719"},"modified":"2019-10-27T19:20:24","modified_gmt":"2019-10-27T18:20:24","slug":"7-arsdagen","status":"publish","type":"post","link":"http:\/\/karin.stampis.com\/blog\/?p=25719","title":{"rendered":"7-\u00e5rsdagen"},"content":{"rendered":"\n<p>Alfred fyllde \u00e5r p\u00e5 en onsdag i \u00e5r. En bra veckodag att fylla \u00e5r p\u00e5 f\u00f6r d\u00e5 sj\u00f6ng de f\u00f6r honom p\u00e5 handbollstr\u00e4ningen.<\/p>\n\n\n\n<figure class=\"wp-block-image\"><img loading=\"lazy\" decoding=\"async\" width=\"1000\" height=\"619\" src=\"http:\/\/karin.stampis.com\/blog\/wp-content\/uploads\/2019\/10\/DSC_1122.jpg\" alt=\"\" class=\"wp-image-25730\" srcset=\"http:\/\/karin.stampis.com\/blog\/wp-content\/uploads\/2019\/10\/DSC_1122.jpg 1000w, http:\/\/karin.stampis.com\/blog\/wp-content\/uploads\/2019\/10\/DSC_1122-360x223.jpg 360w, http:\/\/karin.stampis.com\/blog\/wp-content\/uploads\/2019\/10\/DSC_1122-768x475.jpg 768w\" sizes=\"auto, (max-width: 1000px) 100vw, 1000px\" \/><figcaption> Vi b\u00f6rjade med frukost p\u00e5 s\u00e4ngen och presenter. Lite tr\u00f6tt och nyv\u00e4ckt kille. <\/figcaption><\/figure>\n\n\n\n<p><\/p>\n\n\n\n<figure class=\"wp-block-image\"><img loading=\"lazy\" decoding=\"async\" width=\"1000\" height=\"750\" src=\"http:\/\/karin.stampis.com\/blog\/wp-content\/uploads\/2019\/10\/DSC_1125.jpg\" alt=\"\" class=\"wp-image-25729\" srcset=\"http:\/\/karin.stampis.com\/blog\/wp-content\/uploads\/2019\/10\/DSC_1125.jpg 1000w, http:\/\/karin.stampis.com\/blog\/wp-content\/uploads\/2019\/10\/DSC_1125-360x270.jpg 360w, http:\/\/karin.stampis.com\/blog\/wp-content\/uploads\/2019\/10\/DSC_1125-768x576.jpg 768w\" sizes=\"auto, (max-width: 1000px) 100vw, 1000px\" \/><figcaption> Alfred fick tv\u00e5 av sina presenter d\u00e5. F\u00f6rst fick han en schweizisk armekniv. <\/figcaption><\/figure>\n\n\n\n<figure class=\"wp-block-image\"><img loading=\"lazy\" decoding=\"async\" width=\"1000\" height=\"563\" src=\"http:\/\/karin.stampis.com\/blog\/wp-content\/uploads\/2019\/10\/DSC_0987.jpg\" alt=\"\" class=\"wp-image-25722\" srcset=\"http:\/\/karin.stampis.com\/blog\/wp-content\/uploads\/2019\/10\/DSC_0987.jpg 1000w, http:\/\/karin.stampis.com\/blog\/wp-content\/uploads\/2019\/10\/DSC_0987-360x203.jpg 360w, http:\/\/karin.stampis.com\/blog\/wp-content\/uploads\/2019\/10\/DSC_0987-768x432.jpg 768w\" sizes=\"auto, (max-width: 1000px) 100vw, 1000px\" \/><figcaption> Sen en fick han en kuvert som han hittade den h\u00e4r i : <\/figcaption><\/figure>\n\n\n\n<p>Vi ska \u00e5ka iv\u00e4g i mitten av november, bara Alfred och jag \ud83d\ude42 . Nu d\u00e5 det \u00e4r l\u00e5gs\u00e4song lyckades jag hitta en bra deal p\u00e5 ett fint hotell \ud83d\ude42 . Egentligen skulle vi \u00e5kt till Barcelona, men omplanerade i sista stund d\u00e5 det var oroligheter d\u00e4r .<\/p>\n\n\n\n<p>Efter skolan s\u00e5 var det handboll, f\u00f6ljt av middag och t\u00e5rta. <\/p>\n\n\n\n<p>Alfred fick \u00e4ven f\u00f6delsedagsblommor.<\/p>\n\n\n\n<figure class=\"wp-block-image\"><img loading=\"lazy\" decoding=\"async\" width=\"563\" height=\"1000\" src=\"http:\/\/karin.stampis.com\/blog\/wp-content\/uploads\/2019\/10\/DSC_1025.jpg\" alt=\"\" class=\"wp-image-25734\" srcset=\"http:\/\/karin.stampis.com\/blog\/wp-content\/uploads\/2019\/10\/DSC_1025.jpg 563w, http:\/\/karin.stampis.com\/blog\/wp-content\/uploads\/2019\/10\/DSC_1025-203x360.jpg 203w\" sizes=\"auto, (max-width: 563px) 100vw, 563px\" \/><\/figure>\n\n\n\n<figure class=\"wp-block-image\"><img loading=\"lazy\" decoding=\"async\" width=\"1000\" height=\"640\" src=\"http:\/\/karin.stampis.com\/blog\/wp-content\/uploads\/2019\/10\/DSC_1027-2.jpg\" alt=\"\" class=\"wp-image-25737\" srcset=\"http:\/\/karin.stampis.com\/blog\/wp-content\/uploads\/2019\/10\/DSC_1027-2.jpg 1000w, http:\/\/karin.stampis.com\/blog\/wp-content\/uploads\/2019\/10\/DSC_1027-2-360x230.jpg 360w, http:\/\/karin.stampis.com\/blog\/wp-content\/uploads\/2019\/10\/DSC_1027-2-768x492.jpg 768w\" sizes=\"auto, (max-width: 1000px) 100vw, 1000px\" \/><\/figure>\n\n\n\n<figure class=\"wp-block-image\"><img loading=\"lazy\" decoding=\"async\" width=\"1000\" height=\"976\" src=\"http:\/\/karin.stampis.com\/blog\/wp-content\/uploads\/2019\/10\/DSC09110-1.jpg\" alt=\"\" class=\"wp-image-25731\" srcset=\"http:\/\/karin.stampis.com\/blog\/wp-content\/uploads\/2019\/10\/DSC09110-1.jpg 1000w, http:\/\/karin.stampis.com\/blog\/wp-content\/uploads\/2019\/10\/DSC09110-1-360x351.jpg 360w, http:\/\/karin.stampis.com\/blog\/wp-content\/uploads\/2019\/10\/DSC09110-1-768x750.jpg 768w\" sizes=\"auto, (max-width: 1000px) 100vw, 1000px\" \/><\/figure>\n\n\n\n<figure class=\"wp-block-image\"><img loading=\"lazy\" decoding=\"async\" width=\"1000\" height=\"667\" src=\"http:\/\/karin.stampis.com\/blog\/wp-content\/uploads\/2019\/10\/DSC09114.jpg\" alt=\"\" class=\"wp-image-25723\" srcset=\"http:\/\/karin.stampis.com\/blog\/wp-content\/uploads\/2019\/10\/DSC09114.jpg 1000w, http:\/\/karin.stampis.com\/blog\/wp-content\/uploads\/2019\/10\/DSC09114-360x240.jpg 360w, http:\/\/karin.stampis.com\/blog\/wp-content\/uploads\/2019\/10\/DSC09114-768x512.jpg 768w\" sizes=\"auto, (max-width: 1000px) 100vw, 1000px\" \/><\/figure>\n\n\n\n<figure class=\"wp-block-image\"><img loading=\"lazy\" decoding=\"async\" width=\"1000\" height=\"667\" src=\"http:\/\/karin.stampis.com\/blog\/wp-content\/uploads\/2019\/10\/DSC09113.jpg\" alt=\"\" class=\"wp-image-25724\" srcset=\"http:\/\/karin.stampis.com\/blog\/wp-content\/uploads\/2019\/10\/DSC09113.jpg 1000w, http:\/\/karin.stampis.com\/blog\/wp-content\/uploads\/2019\/10\/DSC09113-360x240.jpg 360w, http:\/\/karin.stampis.com\/blog\/wp-content\/uploads\/2019\/10\/DSC09113-768x512.jpg 768w\" sizes=\"auto, (max-width: 1000px) 100vw, 1000px\" \/><figcaption>Viktor \u00e4r lite arg f\u00f6r det inte \u00e4r han som fyller \u00e5r&#8230;<\/figcaption><\/figure>\n\n\n\n<figure class=\"wp-block-image\"><img loading=\"lazy\" decoding=\"async\" width=\"842\" height=\"1000\" src=\"http:\/\/karin.stampis.com\/blog\/wp-content\/uploads\/2019\/10\/DSC_0976.jpg\" alt=\"\" class=\"wp-image-25726\" srcset=\"http:\/\/karin.stampis.com\/blog\/wp-content\/uploads\/2019\/10\/DSC_0976.jpg 842w, http:\/\/karin.stampis.com\/blog\/wp-content\/uploads\/2019\/10\/DSC_0976-303x360.jpg 303w, http:\/\/karin.stampis.com\/blog\/wp-content\/uploads\/2019\/10\/DSC_0976-768x912.jpg 768w\" sizes=\"auto, (max-width: 842px) 100vw, 842px\" \/><figcaption>Men han kan \u00e4nd\u00e5 se ut som han har en r\u00e4v bakom \u00f6rat, som tjejen som tog passfoto p\u00e5 honom sa.<\/figcaption><\/figure>\n\n\n\n<figure class=\"wp-block-image\"><img loading=\"lazy\" decoding=\"async\" width=\"1000\" height=\"703\" src=\"http:\/\/karin.stampis.com\/blog\/wp-content\/uploads\/2019\/10\/DSC_0975.jpg\" alt=\"\" class=\"wp-image-25727\" srcset=\"http:\/\/karin.stampis.com\/blog\/wp-content\/uploads\/2019\/10\/DSC_0975.jpg 1000w, http:\/\/karin.stampis.com\/blog\/wp-content\/uploads\/2019\/10\/DSC_0975-360x253.jpg 360w, http:\/\/karin.stampis.com\/blog\/wp-content\/uploads\/2019\/10\/DSC_0975-768x540.jpg 768w\" sizes=\"auto, (max-width: 1000px) 100vw, 1000px\" \/><figcaption>Till kv\u00e4lls-presenter fick han m\u00e5nga b\u00f6cker.<\/figcaption><\/figure>\n","protected":false},"excerpt":{"rendered":"<p>Alfred fyllde \u00e5r p\u00e5 en onsdag i \u00e5r. En bra veckodag att fylla \u00e5r p\u00e5 f\u00f6r d\u00e5 sj\u00f6ng de f\u00f6r honom p\u00e5 handbollstr\u00e4ningen. Vi ska \u00e5ka iv\u00e4g i mitten av november, bara Alfred och jag \ud83d\ude42 . Nu d\u00e5 det &hellip; <a href=\"http:\/\/karin.stampis.com\/blog\/?p=25719\">Continue reading <span class=\"meta-nav\">&rarr;<\/span><\/a><\/p>\n","protected":false},"author":1,"featured_media":0,"comment_status":"open","ping_status":"open","sticky":false,"template":"","format":"standard","meta":{"footnotes":""},"categories":[454,322,353,466],"tags":[],"class_list":["post-25719","post","type-post","status-publish","format-standard","hentry","category-454","category-alfred","category-alfred-fyller-ar","category-oktober-2019"],"_links":{"self":[{"href":"http:\/\/karin.stampis.com\/blog\/index.php?rest_route=\/wp\/v2\/posts\/25719","targetHints":{"allow":["GET"]}}],"collection":[{"href":"http:\/\/karin.stampis.com\/blog\/index.php?rest_route=\/wp\/v2\/posts"}],"about":[{"href":"http:\/\/karin.stampis.com\/blog\/index.php?rest_route=\/wp\/v2\/types\/post"}],"author":[{"embeddable":true,"href":"http:\/\/karin.stampis.com\/blog\/index.php?rest_route=\/wp\/v2\/users\/1"}],"replies":[{"embeddable":true,"href":"http:\/\/karin.stampis.com\/blog\/index.php?rest_route=%2Fwp%2Fv2%2Fcomments&post=25719"}],"version-history":[{"count":6,"href":"http:\/\/karin.stampis.com\/blog\/index.php?rest_route=\/wp\/v2\/posts\/25719\/revisions"}],"predecessor-version":[{"id":25738,"href":"http:\/\/karin.stampis.com\/blog\/index.php?rest_route=\/wp\/v2\/posts\/25719\/revisions\/25738"}],"wp:attachment":[{"href":"http:\/\/karin.stampis.com\/blog\/index.php?rest_route=%2Fwp%2Fv2%2Fmedia&parent=25719"}],"wp:term":[{"taxonomy":"category","embeddable":true,"href":"http:\/\/karin.stampis.com\/blog\/index.php?rest_route=%2Fwp%2Fv2%2Fcategories&post=25719"},{"taxonomy":"post_tag","embeddable":true,"href":"http:\/\/karin.stampis.com\/blog\/index.php?rest_route=%2Fwp%2Fv2%2Ftags&post=25719"}],"curies":[{"name":"wp","href":"https:\/\/api.w.org\/{rel}","templated":true}]}}