{"id":25739,"date":"2019-10-29T07:39:17","date_gmt":"2019-10-29T06:39:17","guid":{"rendered":"http:\/\/karin.stampis.com\/blog\/?p=25739"},"modified":"2019-10-27T19:40:29","modified_gmt":"2019-10-27T18:40:29","slug":"alfreds-kompisfest-pa-leos-lekland","status":"publish","type":"post","link":"http:\/\/karin.stampis.com\/blog\/?p=25739","title":{"rendered":"Alfreds kompisfest p\u00e5 Leos lekland"},"content":{"rendered":"\n<p>Helgen innan han fyllde \u00e5r s\u00e5 hade Alfred kompisfest p\u00e5 Leos lekland. Han hade en riktig toppendag och var s\u00e5 glad i flera dagar efter\u00e5t \ud83d\ude42 . Det kom 18 kompisar (inkl tv\u00e5 sm\u00e5syskon i Viktors \u00e5lder som jag bj\u00f6d in). <\/p>\n\n\n\n<figure class=\"wp-block-image\"><img loading=\"lazy\" decoding=\"async\" width=\"1000\" height=\"663\" src=\"http:\/\/karin.stampis.com\/blog\/wp-content\/uploads\/2019\/10\/DSC_0949.jpg\" alt=\"\" class=\"wp-image-25747\" srcset=\"http:\/\/karin.stampis.com\/blog\/wp-content\/uploads\/2019\/10\/DSC_0949.jpg 1000w, http:\/\/karin.stampis.com\/blog\/wp-content\/uploads\/2019\/10\/DSC_0949-360x239.jpg 360w, http:\/\/karin.stampis.com\/blog\/wp-content\/uploads\/2019\/10\/DSC_0949-768x509.jpg 768w\" sizes=\"auto, (max-width: 1000px) 100vw, 1000px\" \/><figcaption>G\u00e4nget har kommit p\u00e5 plats i rymdrummet och \u00e4ter chips och dricker saft. Det var r\u00e4tt h\u00f6g ljudniv\u00e5. Viktor k\u00e4nde sig lite uneasy som syns p\u00e5 bilden.<\/figcaption><\/figure>\n\n\n\n<figure class=\"wp-block-image\"><img loading=\"lazy\" decoding=\"async\" width=\"1000\" height=\"563\" src=\"http:\/\/karin.stampis.com\/blog\/wp-content\/uploads\/2019\/10\/DSC_0950.jpg\" alt=\"\" class=\"wp-image-25746\" srcset=\"http:\/\/karin.stampis.com\/blog\/wp-content\/uploads\/2019\/10\/DSC_0950.jpg 1000w, http:\/\/karin.stampis.com\/blog\/wp-content\/uploads\/2019\/10\/DSC_0950-360x203.jpg 360w, http:\/\/karin.stampis.com\/blog\/wp-content\/uploads\/2019\/10\/DSC_0950-768x432.jpg 768w\" sizes=\"auto, (max-width: 1000px) 100vw, 1000px\" \/><figcaption>Jimmy sk\u00f6ter pausunderh\u00e5llningen (mellan korv med br\u00f6d och t\u00e5rtan) med en t\u00e4vling om att gissa djurl\u00e4tet.<\/figcaption><\/figure>\n\n\n\n<figure class=\"wp-block-image\"><img loading=\"lazy\" decoding=\"async\" width=\"1000\" height=\"563\" src=\"http:\/\/karin.stampis.com\/blog\/wp-content\/uploads\/2019\/10\/DSC_1112.jpg\" alt=\"\" class=\"wp-image-25745\" srcset=\"http:\/\/karin.stampis.com\/blog\/wp-content\/uploads\/2019\/10\/DSC_1112.jpg 1000w, http:\/\/karin.stampis.com\/blog\/wp-content\/uploads\/2019\/10\/DSC_1112-360x203.jpg 360w, http:\/\/karin.stampis.com\/blog\/wp-content\/uploads\/2019\/10\/DSC_1112-768x432.jpg 768w\" sizes=\"auto, (max-width: 1000px) 100vw, 1000px\" \/><figcaption>Glasst\u00e5rta!<\/figcaption><\/figure>\n\n\n\n<figure class=\"wp-block-image\"><img loading=\"lazy\" decoding=\"async\" width=\"563\" height=\"1000\" src=\"http:\/\/karin.stampis.com\/blog\/wp-content\/uploads\/2019\/10\/DSC_0954.jpg\" alt=\"\" class=\"wp-image-25744\" srcset=\"http:\/\/karin.stampis.com\/blog\/wp-content\/uploads\/2019\/10\/DSC_0954.jpg 563w, http:\/\/karin.stampis.com\/blog\/wp-content\/uploads\/2019\/10\/DSC_0954-203x360.jpg 203w\" sizes=\"auto, (max-width: 563px) 100vw, 563px\" \/><figcaption>Sen ville de g\u00e4rna ut och leka. Vi stannade i tre timmar och lekte. Viktor gillade detta torn som man ska kl\u00e4ttra upp i.<\/figcaption><\/figure>\n\n\n\n<figure class=\"wp-block-image\"><img loading=\"lazy\" decoding=\"async\" width=\"1000\" height=\"563\" src=\"http:\/\/karin.stampis.com\/blog\/wp-content\/uploads\/2019\/10\/DSC_0955.jpg\" alt=\"\" class=\"wp-image-25743\" srcset=\"http:\/\/karin.stampis.com\/blog\/wp-content\/uploads\/2019\/10\/DSC_0955.jpg 1000w, http:\/\/karin.stampis.com\/blog\/wp-content\/uploads\/2019\/10\/DSC_0955-360x203.jpg 360w, http:\/\/karin.stampis.com\/blog\/wp-content\/uploads\/2019\/10\/DSC_0955-768x432.jpg 768w\" sizes=\"auto, (max-width: 1000px) 100vw, 1000px\" \/><figcaption>Fotboll.<\/figcaption><\/figure>\n\n\n\n<figure class=\"wp-block-image\"><img loading=\"lazy\" decoding=\"async\" width=\"1000\" height=\"563\" src=\"http:\/\/karin.stampis.com\/blog\/wp-content\/uploads\/2019\/10\/DSC_1117.jpg\" alt=\"\" class=\"wp-image-25742\" srcset=\"http:\/\/karin.stampis.com\/blog\/wp-content\/uploads\/2019\/10\/DSC_1117.jpg 1000w, http:\/\/karin.stampis.com\/blog\/wp-content\/uploads\/2019\/10\/DSC_1117-360x203.jpg 360w, http:\/\/karin.stampis.com\/blog\/wp-content\/uploads\/2019\/10\/DSC_1117-768x432.jpg 768w\" sizes=\"auto, (max-width: 1000px) 100vw, 1000px\" \/><figcaption>Den obligatoriska slushen.<\/figcaption><\/figure>\n\n\n\n<figure class=\"wp-block-image\"><img loading=\"lazy\" decoding=\"async\" width=\"1000\" height=\"418\" src=\"http:\/\/karin.stampis.com\/blog\/wp-content\/uploads\/2019\/10\/DSC_0959.jpg\" alt=\"\" class=\"wp-image-25741\" srcset=\"http:\/\/karin.stampis.com\/blog\/wp-content\/uploads\/2019\/10\/DSC_0959.jpg 1000w, http:\/\/karin.stampis.com\/blog\/wp-content\/uploads\/2019\/10\/DSC_0959-360x150.jpg 360w, http:\/\/karin.stampis.com\/blog\/wp-content\/uploads\/2019\/10\/DSC_0959-768x321.jpg 768w\" sizes=\"auto, (max-width: 1000px) 100vw, 1000px\" \/><figcaption>Alfred fick m\u00e5nga fina presenter \ud83d\ude42 .<\/figcaption><\/figure>\n","protected":false},"excerpt":{"rendered":"<p>Helgen innan han fyllde \u00e5r s\u00e5 hade Alfred kompisfest p\u00e5 Leos lekland. Han hade en riktig toppendag och var s\u00e5 glad i flera dagar efter\u00e5t \ud83d\ude42 . Det kom 18 kompisar (inkl tv\u00e5 sm\u00e5syskon i Viktors \u00e5lder som jag bj\u00f6d &hellip; <a href=\"http:\/\/karin.stampis.com\/blog\/?p=25739\">Continue reading <span class=\"meta-nav\">&rarr;<\/span><\/a><\/p>\n","protected":false},"author":1,"featured_media":0,"comment_status":"open","ping_status":"open","sticky":false,"template":"","format":"standard","meta":{"footnotes":""},"categories":[454,322,353,466],"tags":[],"class_list":["post-25739","post","type-post","status-publish","format-standard","hentry","category-454","category-alfred","category-alfred-fyller-ar","category-oktober-2019"],"_links":{"self":[{"href":"http:\/\/karin.stampis.com\/blog\/index.php?rest_route=\/wp\/v2\/posts\/25739","targetHints":{"allow":["GET"]}}],"collection":[{"href":"http:\/\/karin.stampis.com\/blog\/index.php?rest_route=\/wp\/v2\/posts"}],"about":[{"href":"http:\/\/karin.stampis.com\/blog\/index.php?rest_route=\/wp\/v2\/types\/post"}],"author":[{"embeddable":true,"href":"http:\/\/karin.stampis.com\/blog\/index.php?rest_route=\/wp\/v2\/users\/1"}],"replies":[{"embeddable":true,"href":"http:\/\/karin.stampis.com\/blog\/index.php?rest_route=%2Fwp%2Fv2%2Fcomments&post=25739"}],"version-history":[{"count":3,"href":"http:\/\/karin.stampis.com\/blog\/index.php?rest_route=\/wp\/v2\/posts\/25739\/revisions"}],"predecessor-version":[{"id":25749,"href":"http:\/\/karin.stampis.com\/blog\/index.php?rest_route=\/wp\/v2\/posts\/25739\/revisions\/25749"}],"wp:attachment":[{"href":"http:\/\/karin.stampis.com\/blog\/index.php?rest_route=%2Fwp%2Fv2%2Fmedia&parent=25739"}],"wp:term":[{"taxonomy":"category","embeddable":true,"href":"http:\/\/karin.stampis.com\/blog\/index.php?rest_route=%2Fwp%2Fv2%2Fcategories&post=25739"},{"taxonomy":"post_tag","embeddable":true,"href":"http:\/\/karin.stampis.com\/blog\/index.php?rest_route=%2Fwp%2Fv2%2Ftags&post=25739"}],"curies":[{"name":"wp","href":"https:\/\/api.w.org\/{rel}","templated":true}]}}