{"id":26752,"date":"2020-06-14T10:01:27","date_gmt":"2020-06-14T09:01:27","guid":{"rendered":"http:\/\/karin.stampis.com\/blog\/?p=26752"},"modified":"2020-06-14T10:01:27","modified_gmt":"2020-06-14T09:01:27","slug":"arbetar","status":"publish","type":"post","link":"http:\/\/karin.stampis.com\/blog\/?p=26752","title":{"rendered":"Arbetar"},"content":{"rendered":"\n<p>F\u00f6rra helgen \u00e5kte vi till p\u00e4ronen \u00f6ver dagen och arbetade i tr\u00e4dg\u00e5rden. Killarna var duktiga att hj\u00e4lpa till! Sen \u00e5kte vi dit en dag denna helgen ocks\u00e5 &#8211; d\u00e5 var det dock ganska varmt s\u00e5 killarna fick ta det lite lugnare. Det \u00e4r roligt att fixa i tr\u00e4dg\u00e5rden och kul att hj\u00e4lpa till \ud83d\ude42 .  \u00c4ven alla tre killarna tycker att det \u00e4r kul &#8211; det \u00e4r ju ett lite annat koncept att anv\u00e4nda r\u00f6js\u00e5gar och maskiner som i p\u00e4ronens tr\u00e4dg\u00e5rd j\u00e4mf\u00f6rt med att plantera och pilla upp ogr\u00e4s som man g\u00f6r i v\u00e5r tr\u00e4dg\u00e5rd. V\u00e5r egen tr\u00e4dg\u00e5rd \u00e4r det bara jag och Viktor som \u00e4r intresserade att jobba i (och tyv\u00e4rr f\u00e5r jag ofta neka Viktor att hj\u00e4lpa till saker l\u00e4tt f\u00f6rst\u00f6rs &#8211; men h\u00e4r p\u00e5 landet g\u00f6r det inget \ud83d\ude42 ) .<\/p>\n\n\n\n<figure class=\"wp-block-image size-large\"><img loading=\"lazy\" decoding=\"async\" width=\"1000\" height=\"563\" src=\"http:\/\/karin.stampis.com\/blog\/wp-content\/uploads\/2020\/06\/DSC_1726.jpg\" alt=\"\" class=\"wp-image-26758\"\/><figcaption>Alfred gillar r\u00f6jyxan<\/figcaption><\/figure>\n\n\n\n<figure class=\"wp-block-image size-large\"><img loading=\"lazy\" decoding=\"async\" width=\"1000\" height=\"563\" src=\"http:\/\/karin.stampis.com\/blog\/wp-content\/uploads\/2020\/06\/DSC_2835.jpg\" alt=\"\" class=\"wp-image-26757\"\/><figcaption>Alla hj\u00e4lper till \ud83d\ude42 <\/figcaption><\/figure>\n\n\n\n<figure class=\"wp-block-image size-large\"><img loading=\"lazy\" decoding=\"async\" width=\"1000\" height=\"563\" src=\"http:\/\/karin.stampis.com\/blog\/wp-content\/uploads\/2020\/06\/DSC_2836.jpg\" alt=\"\" class=\"wp-image-26756\"\/><\/figure>\n\n\n\n<figure class=\"wp-block-image size-large\"><img loading=\"lazy\" decoding=\"async\" width=\"1000\" height=\"563\" src=\"http:\/\/karin.stampis.com\/blog\/wp-content\/uploads\/2020\/06\/DSC_2838.jpg\" alt=\"\" class=\"wp-image-26755\"\/><\/figure>\n\n\n\n<figure class=\"wp-block-image size-large\"><img loading=\"lazy\" decoding=\"async\" width=\"1000\" height=\"568\" src=\"http:\/\/karin.stampis.com\/blog\/wp-content\/uploads\/2020\/06\/DSC_1739.jpg\" alt=\"\" class=\"wp-image-26754\"\/><figcaption>Testade r\u00f6js\u00e5gen. N\u00e4sta helg blir det mer \ud83d\ude42 !<\/figcaption><\/figure>\n","protected":false},"excerpt":{"rendered":"<p>F\u00f6rra helgen \u00e5kte vi till p\u00e4ronen \u00f6ver dagen och arbetade i tr\u00e4dg\u00e5rden. Killarna var duktiga att hj\u00e4lpa till! Sen \u00e5kte vi dit en dag denna helgen ocks\u00e5 &#8211; d\u00e5 var det dock ganska varmt s\u00e5 killarna fick ta det lite &hellip; <a href=\"http:\/\/karin.stampis.com\/blog\/?p=26752\">Continue reading <span class=\"meta-nav\">&rarr;<\/span><\/a><\/p>\n","protected":false},"author":1,"featured_media":0,"comment_status":"open","ping_status":"open","sticky":false,"template":"","format":"standard","meta":{"footnotes":""},"categories":[471,478,409],"tags":[],"class_list":["post-26752","post","type-post","status-publish","format-standard","hentry","category-471","category-juni-2020","category-syskonen"],"_links":{"self":[{"href":"http:\/\/karin.stampis.com\/blog\/index.php?rest_route=\/wp\/v2\/posts\/26752","targetHints":{"allow":["GET"]}}],"collection":[{"href":"http:\/\/karin.stampis.com\/blog\/index.php?rest_route=\/wp\/v2\/posts"}],"about":[{"href":"http:\/\/karin.stampis.com\/blog\/index.php?rest_route=\/wp\/v2\/types\/post"}],"author":[{"embeddable":true,"href":"http:\/\/karin.stampis.com\/blog\/index.php?rest_route=\/wp\/v2\/users\/1"}],"replies":[{"embeddable":true,"href":"http:\/\/karin.stampis.com\/blog\/index.php?rest_route=%2Fwp%2Fv2%2Fcomments&post=26752"}],"version-history":[{"count":3,"href":"http:\/\/karin.stampis.com\/blog\/index.php?rest_route=\/wp\/v2\/posts\/26752\/revisions"}],"predecessor-version":[{"id":26760,"href":"http:\/\/karin.stampis.com\/blog\/index.php?rest_route=\/wp\/v2\/posts\/26752\/revisions\/26760"}],"wp:attachment":[{"href":"http:\/\/karin.stampis.com\/blog\/index.php?rest_route=%2Fwp%2Fv2%2Fmedia&parent=26752"}],"wp:term":[{"taxonomy":"category","embeddable":true,"href":"http:\/\/karin.stampis.com\/blog\/index.php?rest_route=%2Fwp%2Fv2%2Fcategories&post=26752"},{"taxonomy":"post_tag","embeddable":true,"href":"http:\/\/karin.stampis.com\/blog\/index.php?rest_route=%2Fwp%2Fv2%2Ftags&post=26752"}],"curies":[{"name":"wp","href":"https:\/\/api.w.org\/{rel}","templated":true}]}}