{"id":26768,"date":"2020-06-22T07:09:43","date_gmt":"2020-06-22T06:09:43","guid":{"rendered":"http:\/\/karin.stampis.com\/blog\/?p=26768"},"modified":"2020-06-20T19:11:06","modified_gmt":"2020-06-20T18:11:06","slug":"skolavslutning","status":"publish","type":"post","link":"http:\/\/karin.stampis.com\/blog\/?p=26768","title":{"rendered":"Skolavslutning"},"content":{"rendered":"\n<p>I \u00e5r fick skolavslutningen ske utan f\u00f6r\u00e4ldrar &#8211; dock sa Alfred att det st\u00e5tt en massa f\u00f6r\u00e4ldrar t\u00e4tt utanf\u00f6r grinden och kollat p\u00e5 \u00e4nd\u00e5&#8230; Det gjorde inte vi, utan vi h\u00e4mtade killarna tidigare ist\u00e4llet och firade h\u00e4rhemma. F\u00f6rsta riktiga \u00e5ret i skolan avklarad &#8211; i h\u00f6st \u00e4r det dags f\u00f6r att b\u00f6rja tv\u00e5an. Stora grabben \ud83d\ude42 !<\/p>\n\n\n\n<figure class=\"wp-block-image size-large\"><img loading=\"lazy\" decoding=\"async\" width=\"667\" height=\"1000\" src=\"http:\/\/karin.stampis.com\/blog\/wp-content\/uploads\/2020\/06\/DSC09684.jpg\" alt=\"\" class=\"wp-image-26776\"\/><figcaption>Viktor ville posera med nallen framf\u00f6r grattisblommor och t\u00e5rta. Sen f\u00e5r man ju inte gl\u00f6mma att Viktor g\u00e5tt klart f\u00f6rsta \u00e5ret i storbarnsgruppen ocks\u00e5!<\/figcaption><\/figure>\n\n\n\n<figure class=\"wp-block-image size-large\"><img loading=\"lazy\" decoding=\"async\" width=\"1000\" height=\"766\" src=\"http:\/\/karin.stampis.com\/blog\/wp-content\/uploads\/2020\/06\/DSC09686.jpg\" alt=\"\" class=\"wp-image-26775\"\/><figcaption>T\u00e5rt\u00f6ppning \u00e4r en tradition som vi har. Ingen vet vilken sort det \u00e4r (f\u00f6rutom den som inhandlat t\u00e5rtan). Alfred vill inte ha gr\u00e4ddt\u00e5rta och Viktor vill inte ha kaffet\u00e5rta. Det brukar bli mousset\u00e5rta \ud83d\ude09 .<\/figcaption><\/figure>\n\n\n\n<figure class=\"wp-block-image size-large\"><img loading=\"lazy\" decoding=\"async\" width=\"1000\" height=\"667\" src=\"http:\/\/karin.stampis.com\/blog\/wp-content\/uploads\/2020\/06\/DSC09687.jpg\" alt=\"\" class=\"wp-image-26774\"\/><figcaption>De ser n\u00f6jda ut \ud83d\ude42 &#8211;<\/figcaption><\/figure>\n\n\n\n<figure class=\"wp-block-image size-large\"><img loading=\"lazy\" decoding=\"async\" width=\"1000\" height=\"667\" src=\"http:\/\/karin.stampis.com\/blog\/wp-content\/uploads\/2020\/06\/DSC09690.jpg\" alt=\"\" class=\"wp-image-26773\"\/><figcaption>Hallonmousset\u00e5rta med chokladbotten!<\/figcaption><\/figure>\n\n\n\n<figure class=\"wp-block-image size-large\"><img loading=\"lazy\" decoding=\"async\" width=\"1000\" height=\"975\" src=\"http:\/\/karin.stampis.com\/blog\/wp-content\/uploads\/2020\/06\/DSC_1729.jpg\" alt=\"\" class=\"wp-image-26777\"\/><figcaption>Dessutom var det dags f\u00f6r provsmakning av v\u00e5ra f\u00f6rsta hemmaodlade jordgubbar. Det var tv\u00e5 stycken s\u00e5 det blev tv\u00e5 fj\u00e4rdedels jordgubbar var. Korona vann med 4-0 over Honoyne.<\/figcaption><\/figure>\n\n\n\n<figure class=\"wp-block-image size-large\"><img loading=\"lazy\" decoding=\"async\" width=\"1000\" height=\"563\" src=\"http:\/\/karin.stampis.com\/blog\/wp-content\/uploads\/2020\/06\/DSC_1733.jpg\" alt=\"\" class=\"wp-image-26772\"\/><figcaption>Efter t\u00e5rtan s\u00e5g vi film och sen byggde vi med plus-plus.<\/figcaption><\/figure>\n","protected":false},"excerpt":{"rendered":"<p>I \u00e5r fick skolavslutningen ske utan f\u00f6r\u00e4ldrar &#8211; dock sa Alfred att det st\u00e5tt en massa f\u00f6r\u00e4ldrar t\u00e4tt utanf\u00f6r grinden och kollat p\u00e5 \u00e4nd\u00e5&#8230; Det gjorde inte vi, utan vi h\u00e4mtade killarna tidigare ist\u00e4llet och firade h\u00e4rhemma. F\u00f6rsta riktiga \u00e5ret &hellip; <a href=\"http:\/\/karin.stampis.com\/blog\/?p=26768\">Continue reading <span class=\"meta-nav\">&rarr;<\/span><\/a><\/p>\n","protected":false},"author":1,"featured_media":0,"comment_status":"open","ping_status":"open","sticky":false,"template":"","format":"standard","meta":{"footnotes":""},"categories":[471,322,478],"tags":[],"class_list":["post-26768","post","type-post","status-publish","format-standard","hentry","category-471","category-alfred","category-juni-2020"],"_links":{"self":[{"href":"http:\/\/karin.stampis.com\/blog\/index.php?rest_route=\/wp\/v2\/posts\/26768","targetHints":{"allow":["GET"]}}],"collection":[{"href":"http:\/\/karin.stampis.com\/blog\/index.php?rest_route=\/wp\/v2\/posts"}],"about":[{"href":"http:\/\/karin.stampis.com\/blog\/index.php?rest_route=\/wp\/v2\/types\/post"}],"author":[{"embeddable":true,"href":"http:\/\/karin.stampis.com\/blog\/index.php?rest_route=\/wp\/v2\/users\/1"}],"replies":[{"embeddable":true,"href":"http:\/\/karin.stampis.com\/blog\/index.php?rest_route=%2Fwp%2Fv2%2Fcomments&post=26768"}],"version-history":[{"count":3,"href":"http:\/\/karin.stampis.com\/blog\/index.php?rest_route=\/wp\/v2\/posts\/26768\/revisions"}],"predecessor-version":[{"id":26779,"href":"http:\/\/karin.stampis.com\/blog\/index.php?rest_route=\/wp\/v2\/posts\/26768\/revisions\/26779"}],"wp:attachment":[{"href":"http:\/\/karin.stampis.com\/blog\/index.php?rest_route=%2Fwp%2Fv2%2Fmedia&parent=26768"}],"wp:term":[{"taxonomy":"category","embeddable":true,"href":"http:\/\/karin.stampis.com\/blog\/index.php?rest_route=%2Fwp%2Fv2%2Fcategories&post=26768"},{"taxonomy":"post_tag","embeddable":true,"href":"http:\/\/karin.stampis.com\/blog\/index.php?rest_route=%2Fwp%2Fv2%2Ftags&post=26768"}],"curies":[{"name":"wp","href":"https:\/\/api.w.org\/{rel}","templated":true}]}}