{"id":27865,"date":"2021-04-09T07:53:00","date_gmt":"2021-04-09T06:53:00","guid":{"rendered":"http:\/\/karin.stampis.com\/blog\/?p=27865"},"modified":"2021-04-05T14:09:38","modified_gmt":"2021-04-05T13:09:38","slug":"tur-till-ovedskloster","status":"publish","type":"post","link":"http:\/\/karin.stampis.com\/blog\/?p=27865","title":{"rendered":"Tur till \u00d6vedskloster"},"content":{"rendered":"\n<p>Under p\u00e5sklovet s\u00e5 tog vi en tur till \u00d6vedskloster. <\/p>\n\n\n\n<figure class=\"wp-block-image size-large\"><img loading=\"lazy\" decoding=\"async\" width=\"1000\" height=\"750\" src=\"http:\/\/karin.stampis.com\/blog\/wp-content\/uploads\/2021\/04\/20210402_154018.jpg\" alt=\"\" class=\"wp-image-27869\"\/><\/figure>\n\n\n\n<figure class=\"wp-block-image size-large\"><img loading=\"lazy\" decoding=\"async\" width=\"1000\" height=\"750\" src=\"http:\/\/karin.stampis.com\/blog\/wp-content\/uploads\/2021\/04\/20210402_154122.jpg\" alt=\"\" class=\"wp-image-27868\"\/><\/figure>\n\n\n\n<figure class=\"wp-block-image size-large\"><img loading=\"lazy\" decoding=\"async\" width=\"563\" height=\"1000\" src=\"http:\/\/karin.stampis.com\/blog\/wp-content\/uploads\/2021\/04\/DSC_4839.jpg\" alt=\"\" class=\"wp-image-27867\"\/><figcaption>Parken var fin, men blir nog finare d\u00e5 blomningen kommit ig\u00e5ng lite mer. Viktor tyckte att det var kul att springa i vilket fall.<\/figcaption><\/figure>\n\n\n\n<figure class=\"wp-block-image size-large\"><img loading=\"lazy\" decoding=\"async\" width=\"1000\" height=\"563\" src=\"http:\/\/karin.stampis.com\/blog\/wp-content\/uploads\/2021\/04\/DSC_4843.jpg\" alt=\"\" class=\"wp-image-27866\"\/><figcaption>Sen gick vi en promenad i Borstb\u00e4ckens naturreservat och \u00e5t kakor som vi k\u00f6pte p\u00e5 \u00d6vedskloster.<\/figcaption><\/figure>\n\n\n\n<figure class=\"wp-block-image size-large\"><img loading=\"lazy\" decoding=\"async\" width=\"1000\" height=\"563\" src=\"http:\/\/karin.stampis.com\/blog\/wp-content\/uploads\/2021\/04\/DSC_4847.jpg\" alt=\"\" class=\"wp-image-27887\"\/><figcaption>P\u00e5 hemv\u00e4gen k\u00f6rde vi f\u00f6rbi Revingehed. Nu har kossorna kommit ut.<\/figcaption><\/figure>\n","protected":false},"excerpt":{"rendered":"<p>Under p\u00e5sklovet s\u00e5 tog vi en tur till \u00d6vedskloster.<\/p>\n","protected":false},"author":1,"featured_media":0,"comment_status":"open","ping_status":"open","sticky":false,"template":"","format":"standard","meta":{"footnotes":""},"categories":[486,490,145,301],"tags":[],"class_list":["post-27865","post","type-post","status-publish","format-standard","hentry","category-486","category-april-2021","category-resebloggar","category-utflykter-inom-skane"],"_links":{"self":[{"href":"http:\/\/karin.stampis.com\/blog\/index.php?rest_route=\/wp\/v2\/posts\/27865","targetHints":{"allow":["GET"]}}],"collection":[{"href":"http:\/\/karin.stampis.com\/blog\/index.php?rest_route=\/wp\/v2\/posts"}],"about":[{"href":"http:\/\/karin.stampis.com\/blog\/index.php?rest_route=\/wp\/v2\/types\/post"}],"author":[{"embeddable":true,"href":"http:\/\/karin.stampis.com\/blog\/index.php?rest_route=\/wp\/v2\/users\/1"}],"replies":[{"embeddable":true,"href":"http:\/\/karin.stampis.com\/blog\/index.php?rest_route=%2Fwp%2Fv2%2Fcomments&post=27865"}],"version-history":[{"count":4,"href":"http:\/\/karin.stampis.com\/blog\/index.php?rest_route=\/wp\/v2\/posts\/27865\/revisions"}],"predecessor-version":[{"id":27889,"href":"http:\/\/karin.stampis.com\/blog\/index.php?rest_route=\/wp\/v2\/posts\/27865\/revisions\/27889"}],"wp:attachment":[{"href":"http:\/\/karin.stampis.com\/blog\/index.php?rest_route=%2Fwp%2Fv2%2Fmedia&parent=27865"}],"wp:term":[{"taxonomy":"category","embeddable":true,"href":"http:\/\/karin.stampis.com\/blog\/index.php?rest_route=%2Fwp%2Fv2%2Fcategories&post=27865"},{"taxonomy":"post_tag","embeddable":true,"href":"http:\/\/karin.stampis.com\/blog\/index.php?rest_route=%2Fwp%2Fv2%2Ftags&post=27865"}],"curies":[{"name":"wp","href":"https:\/\/api.w.org\/{rel}","templated":true}]}}