{"id":28045,"date":"2021-05-25T08:30:00","date_gmt":"2021-05-25T07:30:00","guid":{"rendered":"http:\/\/karin.stampis.com\/blog\/?p=28045"},"modified":"2021-10-10T16:22:06","modified_gmt":"2021-10-10T15:22:06","slug":"kristi-himmelsfardshelgen","status":"publish","type":"post","link":"http:\/\/karin.stampis.com\/blog\/?p=28045","title":{"rendered":"Kristi himmelsf\u00e4rdshelgen"},"content":{"rendered":"\n<p>Under Kristi himmelsf\u00e4rdshelgen s\u00e5 var vi i Gula Huset. Det var f\u00f6rsta g\u00e5ngen p\u00e5 evigheter som vi bodde n\u00e5gon annanstans \u00e4n hemma. Eftersom p\u00e4ronen f\u00e5tt en vaccindos f\u00f6r en m\u00e5nad sen s\u00e5 v\u00e5gade vi h\u00e4nga lite mer med dom ocks\u00e5.<\/p>\n\n\n\n<figure class=\"wp-block-image size-large\"><img loading=\"lazy\" decoding=\"async\" width=\"1000\" height=\"749\" src=\"http:\/\/karin.stampis.com\/blog\/wp-content\/uploads\/2021\/05\/20210513_155110.jpg\" alt=\"\" class=\"wp-image-28054\"\/><figcaption>Alfred var j\u00e4tteduktig p\u00e5 att hj\u00e4lpa till. <\/figcaption><\/figure>\n\n\n\n<figure class=\"wp-block-image size-large\"><img loading=\"lazy\" decoding=\"async\" width=\"1000\" height=\"563\" src=\"http:\/\/karin.stampis.com\/blog\/wp-content\/uploads\/2021\/05\/DSC_5263.jpg\" alt=\"\" class=\"wp-image-28053\"\/><figcaption>Fotboll!<\/figcaption><\/figure>\n\n\n\n<figure class=\"wp-block-image size-large\"><img loading=\"lazy\" decoding=\"async\" width=\"1000\" height=\"563\" src=\"http:\/\/karin.stampis.com\/blog\/wp-content\/uploads\/2021\/05\/DSC_5260.jpg\" alt=\"\" class=\"wp-image-28055\"\/><figcaption>M\u00e5nga glassar blev det. <\/figcaption><\/figure>\n\n\n\n<figure class=\"wp-block-image size-large\"><img loading=\"lazy\" decoding=\"async\" width=\"1000\" height=\"577\" src=\"http:\/\/karin.stampis.com\/blog\/wp-content\/uploads\/2021\/05\/DSC_5268.jpg\" alt=\"\" class=\"wp-image-28052\"\/><figcaption>Fin v\u00e5rblomming<\/figcaption><\/figure>\n\n\n\n<figure class=\"wp-block-image size-large\"><img loading=\"lazy\" decoding=\"async\" width=\"1000\" height=\"836\" src=\"http:\/\/karin.stampis.com\/blog\/wp-content\/uploads\/2021\/05\/DSC_5270.jpg\" alt=\"\" class=\"wp-image-28051\"\/><figcaption>Tog med Jimmys f\u00f6delsedagsblommor. <\/figcaption><\/figure>\n\n\n\n<figure class=\"wp-block-image size-large\"><img loading=\"lazy\" decoding=\"async\" width=\"1000\" height=\"563\" src=\"http:\/\/karin.stampis.com\/blog\/wp-content\/uploads\/2021\/05\/DSC_5281.jpg\" alt=\"\" class=\"wp-image-28048\"\/><figcaption>VI ser p\u00e5 M\u00e4starnas m\u00e4stare (flera avsnitt, s\u00e5 vi hinner till realtid till finalen som \u00e4r p\u00e5 s\u00f6ndagskv\u00e4llen). Killarna kramar om varandra varje g\u00e5ng det \u00e4r nattduell.<\/figcaption><\/figure>\n\n\n\n<figure class=\"wp-block-image size-large\"><img loading=\"lazy\" decoding=\"async\" width=\"1000\" height=\"629\" src=\"http:\/\/karin.stampis.com\/blog\/wp-content\/uploads\/2021\/05\/DSC_5275.jpg\" alt=\"\" class=\"wp-image-28050\"\/><figcaption>J\u00e4garvila. Alfred var b\u00e4st i familjen (precis som p\u00e5 l\u00f6pningen).<\/figcaption><\/figure>\n\n\n\n<figure class=\"wp-block-image size-large\"><img loading=\"lazy\" decoding=\"async\" width=\"1000\" height=\"494\" src=\"http:\/\/karin.stampis.com\/blog\/wp-content\/uploads\/2021\/05\/DSC_5278.jpg\" alt=\"\" class=\"wp-image-28049\"\/><figcaption>Det blev inte s\u00e5 m\u00e5nga l\u00f6prundor i tr\u00e4dg\u00e5rden, men h\u00e4r \u00e4r en.<\/figcaption><\/figure>\n\n\n\n<figure class=\"wp-block-image size-large\"><img loading=\"lazy\" decoding=\"async\" width=\"1000\" height=\"563\" src=\"http:\/\/karin.stampis.com\/blog\/wp-content\/uploads\/2021\/05\/DSC_5309.jpg\" alt=\"\" class=\"wp-image-28047\"\/><figcaption>Mamsi och Hajjis \u00e4r nedb\u00e4ddade.<\/figcaption><\/figure>\n\n\n\n<figure class=\"wp-block-image size-large\"><img loading=\"lazy\" decoding=\"async\" width=\"563\" height=\"1000\" src=\"http:\/\/karin.stampis.com\/blog\/wp-content\/uploads\/2021\/05\/DSC_5256.jpg\" alt=\"\" class=\"wp-image-28056\"\/><figcaption>Viktor hade med sin Gravitrax.<\/figcaption><\/figure>\n\n\n\n<p>Vi var \u00e4ven (s\u00e5klart) p\u00e5 Norrviken, men det f\u00e5r jag ta i ett senare inl\u00e4gg.<\/p>\n","protected":false},"excerpt":{"rendered":"<p>Under Kristi himmelsf\u00e4rdshelgen s\u00e5 var vi i Gula Huset. Det var f\u00f6rsta g\u00e5ngen p\u00e5 evigheter som vi bodde n\u00e5gon annanstans \u00e4n hemma. Eftersom p\u00e4ronen f\u00e5tt en vaccindos f\u00f6r en m\u00e5nad sen s\u00e5 v\u00e5gade vi h\u00e4nga lite mer med dom ocks\u00e5. &hellip; <a href=\"http:\/\/karin.stampis.com\/blog\/?p=28045\">Continue reading <span class=\"meta-nav\">&rarr;<\/span><\/a><\/p>\n","protected":false},"author":1,"featured_media":0,"comment_status":"open","ping_status":"open","sticky":false,"template":"","format":"standard","meta":{"footnotes":""},"categories":[486,491,301],"tags":[],"class_list":["post-28045","post","type-post","status-publish","format-standard","hentry","category-486","category-maj-2021","category-utflykter-inom-skane"],"_links":{"self":[{"href":"http:\/\/karin.stampis.com\/blog\/index.php?rest_route=\/wp\/v2\/posts\/28045","targetHints":{"allow":["GET"]}}],"collection":[{"href":"http:\/\/karin.stampis.com\/blog\/index.php?rest_route=\/wp\/v2\/posts"}],"about":[{"href":"http:\/\/karin.stampis.com\/blog\/index.php?rest_route=\/wp\/v2\/types\/post"}],"author":[{"embeddable":true,"href":"http:\/\/karin.stampis.com\/blog\/index.php?rest_route=\/wp\/v2\/users\/1"}],"replies":[{"embeddable":true,"href":"http:\/\/karin.stampis.com\/blog\/index.php?rest_route=%2Fwp%2Fv2%2Fcomments&post=28045"}],"version-history":[{"count":2,"href":"http:\/\/karin.stampis.com\/blog\/index.php?rest_route=\/wp\/v2\/posts\/28045\/revisions"}],"predecessor-version":[{"id":28058,"href":"http:\/\/karin.stampis.com\/blog\/index.php?rest_route=\/wp\/v2\/posts\/28045\/revisions\/28058"}],"wp:attachment":[{"href":"http:\/\/karin.stampis.com\/blog\/index.php?rest_route=%2Fwp%2Fv2%2Fmedia&parent=28045"}],"wp:term":[{"taxonomy":"category","embeddable":true,"href":"http:\/\/karin.stampis.com\/blog\/index.php?rest_route=%2Fwp%2Fv2%2Fcategories&post=28045"},{"taxonomy":"post_tag","embeddable":true,"href":"http:\/\/karin.stampis.com\/blog\/index.php?rest_route=%2Fwp%2Fv2%2Ftags&post=28045"}],"curies":[{"name":"wp","href":"https:\/\/api.w.org\/{rel}","templated":true}]}}