{"id":28131,"date":"2021-07-02T08:13:00","date_gmt":"2021-07-02T07:13:00","guid":{"rendered":"http:\/\/karin.stampis.com\/blog\/?p=28131"},"modified":"2021-10-10T16:28:19","modified_gmt":"2021-10-10T15:28:19","slug":"midsommar-4","status":"publish","type":"post","link":"http:\/\/karin.stampis.com\/blog\/?p=28131","title":{"rendered":"Midsommar"},"content":{"rendered":"\n<p>Jag ligger lite efter h\u00e4r, men h\u00e4r \u00e4r bilder fr\u00e5n midsommar. <\/p>\n\n\n\n<p>Min mobil funkade d\u00e5ligt ett tag, s\u00e5 det blev inte s\u00e5 mycket foton p\u00e5 midsommar-middagen.<\/p>\n\n\n\n<figure class=\"wp-block-image size-large\"><img loading=\"lazy\" decoding=\"async\" width=\"563\" height=\"1000\" src=\"http:\/\/karin.stampis.com\/blog\/wp-content\/uploads\/2021\/07\/DSC_0001-2.jpg\" alt=\"\" class=\"wp-image-28138\"\/><figcaption>Men det blev foto f\u00f6re maten&#8230;<\/figcaption><\/figure>\n\n\n\n<figure class=\"wp-block-image size-large\"><img loading=\"lazy\" decoding=\"async\" width=\"1000\" height=\"563\" src=\"http:\/\/karin.stampis.com\/blog\/wp-content\/uploads\/2021\/07\/DSC_0003.jpg\" alt=\"\" class=\"wp-image-28139\"\/><figcaption>&#8230;och efter maten.<\/figcaption><\/figure>\n\n\n\n<figure class=\"wp-block-image size-large\"><img loading=\"lazy\" decoding=\"async\" width=\"1000\" height=\"750\" src=\"http:\/\/karin.stampis.com\/blog\/wp-content\/uploads\/2021\/07\/DSC_0543.jpg\" alt=\"\" class=\"wp-image-28136\"\/><figcaption>Och till jordgubbarna!<\/figcaption><\/figure>\n\n\n\n<figure class=\"wp-block-image size-large\"><img loading=\"lazy\" decoding=\"async\" width=\"563\" height=\"1000\" src=\"http:\/\/karin.stampis.com\/blog\/wp-content\/uploads\/2021\/07\/2021-06-25T22_08_4402_00.jpg\" alt=\"\" class=\"wp-image-28133\"\/><figcaption>Plockade \u00e4ven en blombukett ihop med Viktor och Mommo<\/figcaption><\/figure>\n\n\n\n<figure class=\"wp-block-image size-large\"><img loading=\"lazy\" decoding=\"async\" width=\"563\" height=\"1000\" src=\"http:\/\/karin.stampis.com\/blog\/wp-content\/uploads\/2021\/07\/DSC_0008.jpg\" alt=\"\" class=\"wp-image-28134\"\/><figcaption>G\u00e4nget var med Viktor &#8211; Pandis, Lejis och Shaun the Sheep.<\/figcaption><\/figure>\n\n\n\n<p><\/p>\n","protected":false},"excerpt":{"rendered":"<p>Jag ligger lite efter h\u00e4r, men h\u00e4r \u00e4r bilder fr\u00e5n midsommar. Min mobil funkade d\u00e5ligt ett tag, s\u00e5 det blev inte s\u00e5 mycket foton p\u00e5 midsommar-middagen.<\/p>\n","protected":false},"author":1,"featured_media":0,"comment_status":"open","ping_status":"open","sticky":false,"template":"","format":"standard","meta":{"footnotes":""},"categories":[486,492],"tags":[],"class_list":["post-28131","post","type-post","status-publish","format-standard","hentry","category-486","category-juni-2021"],"_links":{"self":[{"href":"http:\/\/karin.stampis.com\/blog\/index.php?rest_route=\/wp\/v2\/posts\/28131","targetHints":{"allow":["GET"]}}],"collection":[{"href":"http:\/\/karin.stampis.com\/blog\/index.php?rest_route=\/wp\/v2\/posts"}],"about":[{"href":"http:\/\/karin.stampis.com\/blog\/index.php?rest_route=\/wp\/v2\/types\/post"}],"author":[{"embeddable":true,"href":"http:\/\/karin.stampis.com\/blog\/index.php?rest_route=\/wp\/v2\/users\/1"}],"replies":[{"embeddable":true,"href":"http:\/\/karin.stampis.com\/blog\/index.php?rest_route=%2Fwp%2Fv2%2Fcomments&post=28131"}],"version-history":[{"count":2,"href":"http:\/\/karin.stampis.com\/blog\/index.php?rest_route=\/wp\/v2\/posts\/28131\/revisions"}],"predecessor-version":[{"id":28143,"href":"http:\/\/karin.stampis.com\/blog\/index.php?rest_route=\/wp\/v2\/posts\/28131\/revisions\/28143"}],"wp:attachment":[{"href":"http:\/\/karin.stampis.com\/blog\/index.php?rest_route=%2Fwp%2Fv2%2Fmedia&parent=28131"}],"wp:term":[{"taxonomy":"category","embeddable":true,"href":"http:\/\/karin.stampis.com\/blog\/index.php?rest_route=%2Fwp%2Fv2%2Fcategories&post=28131"},{"taxonomy":"post_tag","embeddable":true,"href":"http:\/\/karin.stampis.com\/blog\/index.php?rest_route=%2Fwp%2Fv2%2Ftags&post=28131"}],"curies":[{"name":"wp","href":"https:\/\/api.w.org\/{rel}","templated":true}]}}