{"id":28377,"date":"2021-08-22T07:02:00","date_gmt":"2021-08-22T06:02:00","guid":{"rendered":"http:\/\/karin.stampis.com\/blog\/?p=28377"},"modified":"2021-12-05T13:14:57","modified_gmt":"2021-12-05T12:14:57","slug":"familjefoto-4","status":"publish","type":"post","link":"http:\/\/karin.stampis.com\/blog\/?p=28377","title":{"rendered":"Familjefoto"},"content":{"rendered":"\n<p>Vi t\u00e4nkte att vi skulle ta nya familjefoton &#8211; de gamla \u00e4r fr\u00e5n 2018 och lite outdated:<\/p>\n\n\n\n<figure class=\"wp-block-image size-large\"><img loading=\"lazy\" decoding=\"async\" width=\"1000\" height=\"667\" src=\"http:\/\/karin.stampis.com\/blog\/wp-content\/uploads\/2021\/08\/famengstrom13aug2018nr037.jpg\" alt=\"\" class=\"wp-image-28388\"\/><\/figure>\n\n\n\n<p>Denna g\u00e5ng anlitade vi dock ingen fotograf utan t\u00e4nkte att vi skulle fixa det sj\u00e4lva, med stativ och sj\u00e4lvutl\u00f6sare.<\/p>\n\n\n\n<figure class=\"wp-block-image size-large\"><img loading=\"lazy\" decoding=\"async\" width=\"1000\" height=\"563\" src=\"http:\/\/karin.stampis.com\/blog\/wp-content\/uploads\/2021\/08\/DSC_0513.jpg\" alt=\"\" class=\"wp-image-28380\"\/><figcaption>Viktor var v\u00e4ldigt entusiastisk och ville fixa h\u00e5ret sj\u00e4lv.<\/figcaption><\/figure>\n\n\n\n<figure class=\"wp-block-image size-large\"><img loading=\"lazy\" decoding=\"async\" width=\"563\" height=\"1000\" src=\"http:\/\/karin.stampis.com\/blog\/wp-content\/uploads\/2021\/08\/DSC_0515.jpg\" alt=\"\" class=\"wp-image-28381\"\/><\/figure>\n\n\n\n<figure class=\"wp-block-image size-large\"><img loading=\"lazy\" decoding=\"async\" width=\"1000\" height=\"563\" src=\"http:\/\/karin.stampis.com\/blog\/wp-content\/uploads\/2021\/08\/DSC_0526.jpg\" alt=\"\" class=\"wp-image-28382\"\/><figcaption>Tar selfies med mamma i v\u00e4ntan p\u00e5 att Jimmy kommer hem \ud83d\ude42 <\/figcaption><\/figure>\n\n\n\n<figure class=\"wp-block-image size-large\"><img loading=\"lazy\" decoding=\"async\" width=\"1000\" height=\"563\" src=\"http:\/\/karin.stampis.com\/blog\/wp-content\/uploads\/2021\/08\/DSC_0528.jpg\" alt=\"\" class=\"wp-image-28383\"\/><\/figure>\n\n\n\n<figure class=\"wp-block-image size-large\"><img loading=\"lazy\" decoding=\"async\" width=\"851\" height=\"1000\" src=\"http:\/\/karin.stampis.com\/blog\/wp-content\/uploads\/2021\/08\/IMG_6432-1.jpg\" alt=\"\" class=\"wp-image-28384\"\/><figcaption>Det var dock himla sv\u00e5rt att f\u00e5 till foton, s\u00e5 det blev inget som var riktigt bra. H\u00e4r \u00e4r ett som \u00e4r ok.<\/figcaption><\/figure>\n\n\n\n<p>Killarna var j\u00e4tteduktiga, men blev lite tr\u00f6tta i slutet \ud83d\ude09 :<\/p>\n\n\n\n<figure class=\"wp-block-image size-large\"><img loading=\"lazy\" decoding=\"async\" width=\"1000\" height=\"667\" src=\"http:\/\/karin.stampis.com\/blog\/wp-content\/uploads\/2021\/08\/IMG_6453.jpg\" alt=\"\" class=\"wp-image-28385\"\/><\/figure>\n\n\n\n<figure class=\"wp-block-image size-large\"><img loading=\"lazy\" decoding=\"async\" width=\"1000\" height=\"667\" src=\"http:\/\/karin.stampis.com\/blog\/wp-content\/uploads\/2021\/08\/IMG_6454.jpg\" alt=\"\" class=\"wp-image-28386\"\/><\/figure>\n\n\n\n<figure class=\"wp-block-image size-large\"><img loading=\"lazy\" decoding=\"async\" width=\"1000\" height=\"667\" src=\"http:\/\/karin.stampis.com\/blog\/wp-content\/uploads\/2021\/08\/IMG_6458.jpg\" alt=\"\" class=\"wp-image-28387\"\/><\/figure>\n\n\n\n<p>Nya f\u00f6rs\u00f6k en annan g\u00e5ng!<\/p>\n","protected":false},"excerpt":{"rendered":"<p>Vi t\u00e4nkte att vi skulle ta nya familjefoton &#8211; de gamla \u00e4r fr\u00e5n 2018 och lite outdated: Denna g\u00e5ng anlitade vi dock ingen fotograf utan t\u00e4nkte att vi skulle fixa det sj\u00e4lva, med stativ och sj\u00e4lvutl\u00f6sare. Killarna var j\u00e4tteduktiga, men &hellip; <a href=\"http:\/\/karin.stampis.com\/blog\/?p=28377\">Continue reading <span class=\"meta-nav\">&rarr;<\/span><\/a><\/p>\n","protected":false},"author":1,"featured_media":0,"comment_status":"open","ping_status":"open","sticky":false,"template":"","format":"standard","meta":{"footnotes":""},"categories":[486,494],"tags":[],"class_list":["post-28377","post","type-post","status-publish","format-standard","hentry","category-486","category-augusti-2021"],"_links":{"self":[{"href":"http:\/\/karin.stampis.com\/blog\/index.php?rest_route=\/wp\/v2\/posts\/28377","targetHints":{"allow":["GET"]}}],"collection":[{"href":"http:\/\/karin.stampis.com\/blog\/index.php?rest_route=\/wp\/v2\/posts"}],"about":[{"href":"http:\/\/karin.stampis.com\/blog\/index.php?rest_route=\/wp\/v2\/types\/post"}],"author":[{"embeddable":true,"href":"http:\/\/karin.stampis.com\/blog\/index.php?rest_route=\/wp\/v2\/users\/1"}],"replies":[{"embeddable":true,"href":"http:\/\/karin.stampis.com\/blog\/index.php?rest_route=%2Fwp%2Fv2%2Fcomments&post=28377"}],"version-history":[{"count":2,"href":"http:\/\/karin.stampis.com\/blog\/index.php?rest_route=\/wp\/v2\/posts\/28377\/revisions"}],"predecessor-version":[{"id":28390,"href":"http:\/\/karin.stampis.com\/blog\/index.php?rest_route=\/wp\/v2\/posts\/28377\/revisions\/28390"}],"wp:attachment":[{"href":"http:\/\/karin.stampis.com\/blog\/index.php?rest_route=%2Fwp%2Fv2%2Fmedia&parent=28377"}],"wp:term":[{"taxonomy":"category","embeddable":true,"href":"http:\/\/karin.stampis.com\/blog\/index.php?rest_route=%2Fwp%2Fv2%2Fcategories&post=28377"},{"taxonomy":"post_tag","embeddable":true,"href":"http:\/\/karin.stampis.com\/blog\/index.php?rest_route=%2Fwp%2Fv2%2Ftags&post=28377"}],"curies":[{"name":"wp","href":"https:\/\/api.w.org\/{rel}","templated":true}]}}