{"id":28545,"date":"2021-09-29T20:29:30","date_gmt":"2021-09-29T19:29:30","guid":{"rendered":"http:\/\/karin.stampis.com\/blog\/?p=28545"},"modified":"2021-12-05T13:16:08","modified_gmt":"2021-12-05T12:16:08","slug":"gronsaks-kunskap","status":"publish","type":"post","link":"http:\/\/karin.stampis.com\/blog\/?p=28545","title":{"rendered":"Gr\u00f6nsaks-kunskap"},"content":{"rendered":"\n<p>H\u00e4romdagen var det en del sol ute. D\u00e5 satt jag ute och lapade sol medan maken fick g\u00f6ra middag, eftersom jag var S\u00c5 tr\u00f6tt. <\/p>\n\n\n\n<p>Jag ropade ifr\u00e5n uteplatsen in till maken i k\u00f6ket att han skulle sk\u00e4ra broccolin i bitar och koka den. Han ropade tillbaka &#8220;Ska jag ta hela&#8221;? Vilket jag tyckte var lite konstigt &#8211; s\u00e5 stora \u00e4r de ju inte.<\/p>\n\n\n\n<p>N\u00e4r jag v\u00e4l kommer in s\u00e5 ser jag detta som kokar i grytan:<\/p>\n\n\n\n<figure class=\"wp-block-image size-full\"><img loading=\"lazy\" decoding=\"async\" width=\"1000\" height=\"563\" src=\"http:\/\/karin.stampis.com\/blog\/wp-content\/uploads\/2021\/09\/DSC_0878.jpg\" alt=\"\" class=\"wp-image-28546\"\/><\/figure>\n\n\n\n<p>D\u00e5 sa jag till honom: &#8220;Hall\u00e5 d\u00e4r, det d\u00e4r \u00e4r ju ingen broccoli!&#8221; Varav maken svarade: &#8220;Broccoli? Du sa ju till mig att jag skulle ta brysselk\u00e5len och det gjorde jag&#8221; :p .<\/p>\n\n\n\n<p>Not: Det ovan \u00e4r allts\u00e5 blomk\u00e5l. Broccoli ser ut som nedan:<\/p>\n\n\n\n<figure class=\"wp-block-image size-full\"><img loading=\"lazy\" decoding=\"async\" width=\"1000\" height=\"564\" src=\"http:\/\/karin.stampis.com\/blog\/wp-content\/uploads\/2021\/09\/DSC_0879.jpg\" alt=\"\" class=\"wp-image-28547\"\/><\/figure>\n\n\n\n<p>Detta \u00e4r brysselk\u00e5l:<\/p>\n\n\n\n<figure class=\"wp-block-image size-full\"><img loading=\"lazy\" decoding=\"async\" width=\"1224\" height=\"918\" src=\"http:\/\/karin.stampis.com\/blog\/wp-content\/uploads\/2021\/09\/koka-brysselkal.jpg\" alt=\"\" class=\"wp-image-28548\"\/><\/figure>\n\n\n\n<p>Men det gjorde ingenting, f\u00f6r det var bra med blomk\u00e5l till maten ocks\u00e5, och det var bra att f\u00e5 sig ett skratt i dessa dagar \ud83d\ude42 .<\/p>\n","protected":false},"excerpt":{"rendered":"<p>H\u00e4romdagen var det en del sol ute. D\u00e5 satt jag ute och lapade sol medan maken fick g\u00f6ra middag, eftersom jag var S\u00c5 tr\u00f6tt. Jag ropade ifr\u00e5n uteplatsen in till maken i k\u00f6ket att han skulle sk\u00e4ra broccolin i bitar &hellip; <a href=\"http:\/\/karin.stampis.com\/blog\/?p=28545\">Continue reading <span class=\"meta-nav\">&rarr;<\/span><\/a><\/p>\n","protected":false},"author":1,"featured_media":0,"comment_status":"open","ping_status":"open","sticky":false,"template":"","format":"standard","meta":{"footnotes":""},"categories":[486,495],"tags":[],"class_list":["post-28545","post","type-post","status-publish","format-standard","hentry","category-486","category-september-2021"],"_links":{"self":[{"href":"http:\/\/karin.stampis.com\/blog\/index.php?rest_route=\/wp\/v2\/posts\/28545","targetHints":{"allow":["GET"]}}],"collection":[{"href":"http:\/\/karin.stampis.com\/blog\/index.php?rest_route=\/wp\/v2\/posts"}],"about":[{"href":"http:\/\/karin.stampis.com\/blog\/index.php?rest_route=\/wp\/v2\/types\/post"}],"author":[{"embeddable":true,"href":"http:\/\/karin.stampis.com\/blog\/index.php?rest_route=\/wp\/v2\/users\/1"}],"replies":[{"embeddable":true,"href":"http:\/\/karin.stampis.com\/blog\/index.php?rest_route=%2Fwp%2Fv2%2Fcomments&post=28545"}],"version-history":[{"count":2,"href":"http:\/\/karin.stampis.com\/blog\/index.php?rest_route=\/wp\/v2\/posts\/28545\/revisions"}],"predecessor-version":[{"id":28550,"href":"http:\/\/karin.stampis.com\/blog\/index.php?rest_route=\/wp\/v2\/posts\/28545\/revisions\/28550"}],"wp:attachment":[{"href":"http:\/\/karin.stampis.com\/blog\/index.php?rest_route=%2Fwp%2Fv2%2Fmedia&parent=28545"}],"wp:term":[{"taxonomy":"category","embeddable":true,"href":"http:\/\/karin.stampis.com\/blog\/index.php?rest_route=%2Fwp%2Fv2%2Fcategories&post=28545"},{"taxonomy":"post_tag","embeddable":true,"href":"http:\/\/karin.stampis.com\/blog\/index.php?rest_route=%2Fwp%2Fv2%2Ftags&post=28545"}],"curies":[{"name":"wp","href":"https:\/\/api.w.org\/{rel}","templated":true}]}}