{"id":28552,"date":"2021-10-10T16:15:51","date_gmt":"2021-10-10T15:15:51","guid":{"rendered":"http:\/\/karin.stampis.com\/blog\/?p=28552"},"modified":"2021-10-16T09:06:10","modified_gmt":"2021-10-16T08:06:10","slug":"kjugekull-och-bb","status":"publish","type":"post","link":"http:\/\/karin.stampis.com\/blog\/?p=28552","title":{"rendered":"Kjugekull och B&#038;B"},"content":{"rendered":"\n<p>Vi bes\u00f6kte \u00e5terigen ett B&amp;B som vi var p\u00e5 i <a href=\"http:\/\/karin.stampis.com\/blog\/?p=28274\" data-type=\"URL\" data-id=\"http:\/\/karin.stampis.com\/blog\/?p=28274\">somras<\/a>. P\u00e5 v\u00e4gen dit stannde vi vid Kjugekull, d\u00e4r det finns en massa stora stenar.<\/p>\n\n\n\n<figure class=\"wp-block-image size-large\"><img loading=\"lazy\" decoding=\"async\" width=\"1000\" height=\"563\" src=\"http:\/\/karin.stampis.com\/blog\/wp-content\/uploads\/2021\/10\/DSC_0884.jpg\" alt=\"\" class=\"wp-image-28553\"\/><\/figure>\n\n\n\n<figure class=\"wp-block-image size-large\"><img loading=\"lazy\" decoding=\"async\" width=\"1000\" height=\"563\" src=\"http:\/\/karin.stampis.com\/blog\/wp-content\/uploads\/2021\/10\/DSC_0886.jpg\" alt=\"\" class=\"wp-image-28554\"\/><\/figure>\n\n\n\n<figure class=\"wp-block-image size-large\"><img loading=\"lazy\" decoding=\"async\" width=\"1000\" height=\"563\" src=\"http:\/\/karin.stampis.com\/blog\/wp-content\/uploads\/2021\/10\/DSC_0894.jpg\" alt=\"\" class=\"wp-image-28558\"\/><figcaption>Fin utsikt<\/figcaption><\/figure>\n\n\n\n<figure class=\"wp-block-image size-large\"><img loading=\"lazy\" decoding=\"async\" width=\"1000\" height=\"563\" src=\"http:\/\/karin.stampis.com\/blog\/wp-content\/uploads\/2021\/10\/DSC_0895.jpg\" alt=\"\" class=\"wp-image-28559\"\/><\/figure>\n\n\n\n<figure class=\"wp-block-image size-large is-resized\"><img loading=\"lazy\" decoding=\"async\" src=\"http:\/\/karin.stampis.com\/blog\/wp-content\/uploads\/2021\/10\/DSC_0899.jpg\" alt=\"\" class=\"wp-image-28560\" width=\"840\" height=\"472\"\/><figcaption>Vi anl\u00e4nde till B&amp;B:t p\u00e5 kv\u00e4llen. Killarna fick mata fiskarna. Sen hade vi pizzakv\u00e4ll och en l\u00e5ng bastusession.<\/figcaption><\/figure>\n\n\n\n<figure class=\"wp-block-image size-large\"><img loading=\"lazy\" decoding=\"async\" width=\"1000\" height=\"563\" src=\"http:\/\/karin.stampis.com\/blog\/wp-content\/uploads\/2021\/10\/DSC_0901.jpg\" alt=\"\" class=\"wp-image-28561\"\/><figcaption>God frukost. Killarna \u00e5t massor med pannkakor.<\/figcaption><\/figure>\n\n\n\n<p>Sen s\u00e5 var killarna iv\u00e4g ett tag och m\u00e5lade p\u00e5 keramik-alsterna de hade gjort f\u00f6rra g\u00e5ngen de var h\u00e4r, och som nu var br\u00e4nda och f\u00e4rdiga f\u00f6r m\u00e5lning. De var \u00e4ven p\u00e5 en runda i skogen ihop med \u00e4garna och rastade deras hund. Jimmy och jag fick en l\u00e5ng kaffepaus i stillhet d\u00e5 \ud83d\ude42 .<\/p>\n\n\n\n<figure class=\"wp-block-image size-large\"><img loading=\"lazy\" decoding=\"async\" width=\"1000\" height=\"563\" src=\"http:\/\/karin.stampis.com\/blog\/wp-content\/uploads\/2021\/10\/DSC_0903.jpg\" alt=\"\" class=\"wp-image-28562\"\/><figcaption>Sen tog vi en skogstur allihopa. VI blev guidade till ett bra svamp-st\u00e4lle och plockade kantareller.<\/figcaption><\/figure>\n\n\n\n<figure class=\"wp-block-image size-large\"><img loading=\"lazy\" decoding=\"async\" width=\"1000\" height=\"988\" src=\"http:\/\/karin.stampis.com\/blog\/wp-content\/uploads\/2021\/10\/DSC_0917.jpg\" alt=\"\" class=\"wp-image-28564\"\/><\/figure>\n\n\n\n<figure class=\"wp-block-image size-large\"><img loading=\"lazy\" decoding=\"async\" width=\"1000\" height=\"622\" src=\"http:\/\/karin.stampis.com\/blog\/wp-content\/uploads\/2021\/10\/DSC_0912.jpg\" alt=\"\" class=\"wp-image-28563\"\/><figcaption>K\u00f6pte med oss fin keramik hem.<\/figcaption><\/figure>\n","protected":false},"excerpt":{"rendered":"<p>Vi bes\u00f6kte \u00e5terigen ett B&amp;B som vi var p\u00e5 i somras. P\u00e5 v\u00e4gen dit stannde vi vid Kjugekull, d\u00e4r det finns en massa stora stenar. Sen s\u00e5 var killarna iv\u00e4g ett tag och m\u00e5lade p\u00e5 keramik-alsterna de hade gjort f\u00f6rra &hellip; <a href=\"http:\/\/karin.stampis.com\/blog\/?p=28552\">Continue reading <span class=\"meta-nav\">&rarr;<\/span><\/a><\/p>\n","protected":false},"author":1,"featured_media":0,"comment_status":"open","ping_status":"open","sticky":false,"template":"","format":"standard","meta":{"footnotes":""},"categories":[486,496,145,301],"tags":[],"class_list":["post-28552","post","type-post","status-publish","format-standard","hentry","category-486","category-oktober-2021","category-resebloggar","category-utflykter-inom-skane"],"_links":{"self":[{"href":"http:\/\/karin.stampis.com\/blog\/index.php?rest_route=\/wp\/v2\/posts\/28552","targetHints":{"allow":["GET"]}}],"collection":[{"href":"http:\/\/karin.stampis.com\/blog\/index.php?rest_route=\/wp\/v2\/posts"}],"about":[{"href":"http:\/\/karin.stampis.com\/blog\/index.php?rest_route=\/wp\/v2\/types\/post"}],"author":[{"embeddable":true,"href":"http:\/\/karin.stampis.com\/blog\/index.php?rest_route=\/wp\/v2\/users\/1"}],"replies":[{"embeddable":true,"href":"http:\/\/karin.stampis.com\/blog\/index.php?rest_route=%2Fwp%2Fv2%2Fcomments&post=28552"}],"version-history":[{"count":1,"href":"http:\/\/karin.stampis.com\/blog\/index.php?rest_route=\/wp\/v2\/posts\/28552\/revisions"}],"predecessor-version":[{"id":28565,"href":"http:\/\/karin.stampis.com\/blog\/index.php?rest_route=\/wp\/v2\/posts\/28552\/revisions\/28565"}],"wp:attachment":[{"href":"http:\/\/karin.stampis.com\/blog\/index.php?rest_route=%2Fwp%2Fv2%2Fmedia&parent=28552"}],"wp:term":[{"taxonomy":"category","embeddable":true,"href":"http:\/\/karin.stampis.com\/blog\/index.php?rest_route=%2Fwp%2Fv2%2Fcategories&post=28552"},{"taxonomy":"post_tag","embeddable":true,"href":"http:\/\/karin.stampis.com\/blog\/index.php?rest_route=%2Fwp%2Fv2%2Ftags&post=28552"}],"curies":[{"name":"wp","href":"https:\/\/api.w.org\/{rel}","templated":true}]}}