{"id":28566,"date":"2021-10-12T07:42:00","date_gmt":"2021-10-12T06:42:00","guid":{"rendered":"http:\/\/karin.stampis.com\/blog\/?p=28566"},"modified":"2021-10-16T09:05:33","modified_gmt":"2021-10-16T08:05:33","slug":"fodelsedag-5","status":"publish","type":"post","link":"http:\/\/karin.stampis.com\/blog\/?p=28566","title":{"rendered":"F\u00f6delsedag"},"content":{"rendered":"\n<p>Nu har jag inte skrivit s\u00e5 mycket p\u00e5 sistone, delvis p.g.a tidsbrist och delvis p.g.a. att vi har varit sjuka och att vi d\u00e5 inte gjort s\u00e5 mycket som man kan blogga om. Efter att vi har varit r\u00e4tt s\u00e5 friska sen corona b\u00f6rjade, s\u00e5 har nu f\u00f6rkylningarna och dyl. attackerat oss. Jag vaknade upp p\u00e5 min f\u00f6delsedag och k\u00e4nde att jag blivit sjuk, s\u00e5 vi fick tyv\u00e4rr avboka miniweekenden som Jimmy planerat \ud83d\ude41 .<\/p>\n\n\n\n<p>Men lite firande hade vi \u00e4nd\u00e5. H\u00e4r \u00e4r foto fr\u00e5n present\u00f6ppningen (jag har ingen aning om vad jag och Alfred s\u00e4ger till varandra, men n\u00e5got intressant verkar det bara!). Jag var n\u00f6jd med presenterna, \u00e4ven om jag ser lite skeptisk ut p\u00e5 fotot. Det blev s\u00e5klart goda bakverk och fina blommor \ud83d\ude42 .<\/p>\n\n\n\n<figure class=\"wp-block-image size-large\"><img loading=\"lazy\" decoding=\"async\" width=\"1000\" height=\"750\" src=\"http:\/\/karin.stampis.com\/blog\/wp-content\/uploads\/2021\/10\/20210915_192508.jpg\" alt=\"\" class=\"wp-image-28567\"\/><\/figure>\n\n\n\n<figure class=\"wp-block-image size-large\"><img loading=\"lazy\" decoding=\"async\" width=\"1000\" height=\"753\" src=\"http:\/\/karin.stampis.com\/blog\/wp-content\/uploads\/2021\/10\/DSC_0805.jpg\" alt=\"\" class=\"wp-image-28568\"\/><\/figure>\n\n\n\n<figure class=\"wp-block-image size-large\"><img loading=\"lazy\" decoding=\"async\" width=\"465\" height=\"1000\" src=\"http:\/\/karin.stampis.com\/blog\/wp-content\/uploads\/2021\/10\/DSC_0807.jpg\" alt=\"\" class=\"wp-image-28569\"\/><\/figure>\n","protected":false},"excerpt":{"rendered":"<p>Nu har jag inte skrivit s\u00e5 mycket p\u00e5 sistone, delvis p.g.a tidsbrist och delvis p.g.a. att vi har varit sjuka och att vi d\u00e5 inte gjort s\u00e5 mycket som man kan blogga om. Efter att vi har varit r\u00e4tt s\u00e5 &hellip; <a href=\"http:\/\/karin.stampis.com\/blog\/?p=28566\">Continue reading <span class=\"meta-nav\">&rarr;<\/span><\/a><\/p>\n","protected":false},"author":1,"featured_media":0,"comment_status":"open","ping_status":"open","sticky":false,"template":"","format":"standard","meta":{"footnotes":""},"categories":[486,496,495],"tags":[],"class_list":["post-28566","post","type-post","status-publish","format-standard","hentry","category-486","category-oktober-2021","category-september-2021"],"_links":{"self":[{"href":"http:\/\/karin.stampis.com\/blog\/index.php?rest_route=\/wp\/v2\/posts\/28566","targetHints":{"allow":["GET"]}}],"collection":[{"href":"http:\/\/karin.stampis.com\/blog\/index.php?rest_route=\/wp\/v2\/posts"}],"about":[{"href":"http:\/\/karin.stampis.com\/blog\/index.php?rest_route=\/wp\/v2\/types\/post"}],"author":[{"embeddable":true,"href":"http:\/\/karin.stampis.com\/blog\/index.php?rest_route=\/wp\/v2\/users\/1"}],"replies":[{"embeddable":true,"href":"http:\/\/karin.stampis.com\/blog\/index.php?rest_route=%2Fwp%2Fv2%2Fcomments&post=28566"}],"version-history":[{"count":1,"href":"http:\/\/karin.stampis.com\/blog\/index.php?rest_route=\/wp\/v2\/posts\/28566\/revisions"}],"predecessor-version":[{"id":28570,"href":"http:\/\/karin.stampis.com\/blog\/index.php?rest_route=\/wp\/v2\/posts\/28566\/revisions\/28570"}],"wp:attachment":[{"href":"http:\/\/karin.stampis.com\/blog\/index.php?rest_route=%2Fwp%2Fv2%2Fmedia&parent=28566"}],"wp:term":[{"taxonomy":"category","embeddable":true,"href":"http:\/\/karin.stampis.com\/blog\/index.php?rest_route=%2Fwp%2Fv2%2Fcategories&post=28566"},{"taxonomy":"post_tag","embeddable":true,"href":"http:\/\/karin.stampis.com\/blog\/index.php?rest_route=%2Fwp%2Fv2%2Ftags&post=28566"}],"curies":[{"name":"wp","href":"https:\/\/api.w.org\/{rel}","templated":true}]}}