{"id":28588,"date":"2021-10-25T20:08:29","date_gmt":"2021-10-25T19:08:29","guid":{"rendered":"http:\/\/karin.stampis.com\/blog\/?p=28588"},"modified":"2021-10-25T20:08:29","modified_gmt":"2021-10-25T19:08:29","slug":"alfred-9-ar","status":"publish","type":"post","link":"http:\/\/karin.stampis.com\/blog\/?p=28588","title":{"rendered":"Alfred 9 \u00e5r!"},"content":{"rendered":"\n<p>F\u00f6rra veckan fyllde v\u00e5r f\u00f6rstf\u00f6dde 9 \u00e5r!<\/p>\n\n\n\n<figure class=\"wp-block-image size-full\"><img loading=\"lazy\" decoding=\"async\" width=\"350\" height=\"513\" src=\"http:\/\/karin.stampis.com\/blog\/wp-content\/uploads\/2021\/10\/affe1a.jpg\" alt=\"\" class=\"wp-image-28589\"\/><\/figure>\n\n\n\n<p>Precis som f\u00f6rra \u00e5ret s\u00e5 f\u00e5r jag skriva att han har vuxit mycket under \u00e5ret, b\u00e5de fysiskt (143 cm) och mentalt. Han \u00e4r som en liten ton\u00e5ring, och s\u00e4ger &#8220;Men aaaaaaasss\u00e5&#8221;, &#8220;Men p\u00e5 riiiiktigt&#8221; och sitter med sin mobil eller Playstation s\u00e5 ofta han bara kan. Han h\u00e4nger mycket med kompisarna och spelar pokemon, playstation eller fotboll &#8211; han \u00e4r borta n\u00e4stan varje dag.<\/p>\n\n\n\n<p>Han spelar handboll, d\u00e4r han har spelat tv\u00e5 turneringar. Han vill g\u00e4rna se sport p\u00e5 TV och det \u00e4r alltid n\u00e5gon fotbollsmatch som han kan se. Han kommer ih\u00e5g alla resultat fr\u00e5n sommarens fotbolls em (han har stenkoll p\u00e5 siffror i allm\u00e4nhet) och han kan v\u00e4l vilka n\u00e4stan alla toppfotbolls-spelare i v\u00e4rlden \u00e4r. Och p\u00e5 tal om fotbollsspelare, s\u00e5 kollade jag p\u00e5 en webbsida vilka fotbollsspelare som \u00e4ven de fyller \u00e5r den 23e oktober, och vilket s\u00e4llskap det var! Sj\u00e4lvaste Pel\u00e9, Morata, Emil Forsberg, och Fabinho!<\/p>\n\n\n\n<p>Han gillar att l\u00e4sa Kalle Anka, och han tycker fortfarande om att h\u00e4nga med mamma och pappa och se p\u00e5 TV eller vara ute och g\u00e5. Jag hoppas att han vill h\u00e4nga med oss ett tag till f\u00f6r det k\u00e4nns som att han kommer n\u00e4rmre ton\u00e5ren f\u00f6r varje dag \ud83d\ude09 !<\/p>\n","protected":false},"excerpt":{"rendered":"<p>F\u00f6rra veckan fyllde v\u00e5r f\u00f6rstf\u00f6dde 9 \u00e5r! Precis som f\u00f6rra \u00e5ret s\u00e5 f\u00e5r jag skriva att han har vuxit mycket under \u00e5ret, b\u00e5de fysiskt (143 cm) och mentalt. Han \u00e4r som en liten ton\u00e5ring, och s\u00e4ger &#8220;Men aaaaaaasss\u00e5&#8221;, &#8220;Men p\u00e5 &hellip; <a href=\"http:\/\/karin.stampis.com\/blog\/?p=28588\">Continue reading <span class=\"meta-nav\">&rarr;<\/span><\/a><\/p>\n","protected":false},"author":1,"featured_media":0,"comment_status":"open","ping_status":"open","sticky":false,"template":"","format":"standard","meta":{"footnotes":""},"categories":[486,322,353,496],"tags":[],"class_list":["post-28588","post","type-post","status-publish","format-standard","hentry","category-486","category-alfred","category-alfred-fyller-ar","category-oktober-2021"],"_links":{"self":[{"href":"http:\/\/karin.stampis.com\/blog\/index.php?rest_route=\/wp\/v2\/posts\/28588","targetHints":{"allow":["GET"]}}],"collection":[{"href":"http:\/\/karin.stampis.com\/blog\/index.php?rest_route=\/wp\/v2\/posts"}],"about":[{"href":"http:\/\/karin.stampis.com\/blog\/index.php?rest_route=\/wp\/v2\/types\/post"}],"author":[{"embeddable":true,"href":"http:\/\/karin.stampis.com\/blog\/index.php?rest_route=\/wp\/v2\/users\/1"}],"replies":[{"embeddable":true,"href":"http:\/\/karin.stampis.com\/blog\/index.php?rest_route=%2Fwp%2Fv2%2Fcomments&post=28588"}],"version-history":[{"count":1,"href":"http:\/\/karin.stampis.com\/blog\/index.php?rest_route=\/wp\/v2\/posts\/28588\/revisions"}],"predecessor-version":[{"id":28590,"href":"http:\/\/karin.stampis.com\/blog\/index.php?rest_route=\/wp\/v2\/posts\/28588\/revisions\/28590"}],"wp:attachment":[{"href":"http:\/\/karin.stampis.com\/blog\/index.php?rest_route=%2Fwp%2Fv2%2Fmedia&parent=28588"}],"wp:term":[{"taxonomy":"category","embeddable":true,"href":"http:\/\/karin.stampis.com\/blog\/index.php?rest_route=%2Fwp%2Fv2%2Fcategories&post=28588"},{"taxonomy":"post_tag","embeddable":true,"href":"http:\/\/karin.stampis.com\/blog\/index.php?rest_route=%2Fwp%2Fv2%2Ftags&post=28588"}],"curies":[{"name":"wp","href":"https:\/\/api.w.org\/{rel}","templated":true}]}}