{"id":28998,"date":"2022-04-25T19:43:00","date_gmt":"2022-04-25T18:43:00","guid":{"rendered":"http:\/\/karin.stampis.com\/blog\/?p=28998"},"modified":"2022-04-24T19:43:36","modified_gmt":"2022-04-24T18:43:36","slug":"moffa-fyller-ar","status":"publish","type":"post","link":"http:\/\/karin.stampis.com\/blog\/?p=28998","title":{"rendered":"Moffa fyller \u00e5r!"},"content":{"rendered":"\n<p>F\u00f6r ett tag sen s\u00e5 fyllde k\u00e4re morfar j\u00e4mt. Helgen firades hos oss.<\/p>\n\n\n\n<figure class=\"wp-block-image size-large\"><img loading=\"lazy\" decoding=\"async\" width=\"1000\" height=\"750\" src=\"http:\/\/karin.stampis.com\/blog\/wp-content\/uploads\/2022\/04\/20220408_161438.jpg\" alt=\"\" class=\"wp-image-29000\"\/><figcaption>T\u00e5rta!<\/figcaption><\/figure>\n\n\n\n<figure class=\"wp-block-image size-large\"><img loading=\"lazy\" decoding=\"async\" width=\"750\" height=\"1000\" src=\"http:\/\/karin.stampis.com\/blog\/wp-content\/uploads\/2022\/04\/20220409_165727.jpg\" alt=\"\" class=\"wp-image-29002\"\/><figcaption>P\u00e5 l\u00f6rdagen \u00e5t vi middag p\u00e5 Dalby G\u00e4stis. Viktor var fascinerad av glasen. Tur att de var bakom glas&#8230;<\/figcaption><\/figure>\n\n\n\n<figure class=\"wp-block-image size-large\"><img loading=\"lazy\" decoding=\"async\" width=\"1000\" height=\"750\" src=\"http:\/\/karin.stampis.com\/blog\/wp-content\/uploads\/2022\/04\/20220409_174923.jpg\" alt=\"\" class=\"wp-image-29001\"\/><figcaption>Sv\u00e5rt att f\u00e5 till ett foto d\u00e5 alla tittar in i kameran :p<\/figcaption><\/figure>\n\n\n\n<figure class=\"wp-block-image size-full\"><img loading=\"lazy\" decoding=\"async\" width=\"750\" height=\"1000\" src=\"http:\/\/karin.stampis.com\/blog\/wp-content\/uploads\/2022\/04\/20220409_174736.jpg\" alt=\"\" class=\"wp-image-29005\"\/><figcaption>Stora k\u00f6ttbullar<\/figcaption><\/figure>\n\n\n\n<figure class=\"wp-block-image size-large\"><img loading=\"lazy\" decoding=\"async\" width=\"750\" height=\"1000\" src=\"http:\/\/karin.stampis.com\/blog\/wp-content\/uploads\/2022\/04\/20220409_183545.jpg\" alt=\"\" class=\"wp-image-29003\"\/><figcaption>Killarna var mycket n\u00f6jda med efterr\u00e4tten.<\/figcaption><\/figure>\n","protected":false},"excerpt":{"rendered":"<p>F\u00f6r ett tag sen s\u00e5 fyllde k\u00e4re morfar j\u00e4mt. Helgen firades hos oss.<\/p>\n","protected":false},"author":1,"featured_media":0,"comment_status":"open","ping_status":"open","sticky":false,"template":"","format":"standard","meta":{"footnotes":""},"categories":[500,506],"tags":[],"class_list":["post-28998","post","type-post","status-publish","format-standard","hentry","category-500","category-april-2022"],"_links":{"self":[{"href":"http:\/\/karin.stampis.com\/blog\/index.php?rest_route=\/wp\/v2\/posts\/28998","targetHints":{"allow":["GET"]}}],"collection":[{"href":"http:\/\/karin.stampis.com\/blog\/index.php?rest_route=\/wp\/v2\/posts"}],"about":[{"href":"http:\/\/karin.stampis.com\/blog\/index.php?rest_route=\/wp\/v2\/types\/post"}],"author":[{"embeddable":true,"href":"http:\/\/karin.stampis.com\/blog\/index.php?rest_route=\/wp\/v2\/users\/1"}],"replies":[{"embeddable":true,"href":"http:\/\/karin.stampis.com\/blog\/index.php?rest_route=%2Fwp%2Fv2%2Fcomments&post=28998"}],"version-history":[{"count":1,"href":"http:\/\/karin.stampis.com\/blog\/index.php?rest_route=\/wp\/v2\/posts\/28998\/revisions"}],"predecessor-version":[{"id":29006,"href":"http:\/\/karin.stampis.com\/blog\/index.php?rest_route=\/wp\/v2\/posts\/28998\/revisions\/29006"}],"wp:attachment":[{"href":"http:\/\/karin.stampis.com\/blog\/index.php?rest_route=%2Fwp%2Fv2%2Fmedia&parent=28998"}],"wp:term":[{"taxonomy":"category","embeddable":true,"href":"http:\/\/karin.stampis.com\/blog\/index.php?rest_route=%2Fwp%2Fv2%2Fcategories&post=28998"},{"taxonomy":"post_tag","embeddable":true,"href":"http:\/\/karin.stampis.com\/blog\/index.php?rest_route=%2Fwp%2Fv2%2Ftags&post=28998"}],"curies":[{"name":"wp","href":"https:\/\/api.w.org\/{rel}","templated":true}]}}