{"id":29096,"date":"2022-06-09T06:06:26","date_gmt":"2022-06-09T05:06:26","guid":{"rendered":"http:\/\/karin.stampis.com\/blog\/?p=29096"},"modified":"2022-06-07T16:06:47","modified_gmt":"2022-06-07T15:06:47","slug":"i-malmo-med-alfred","status":"publish","type":"post","link":"http:\/\/karin.stampis.com\/blog\/?p=29096","title":{"rendered":"I Malm\u00f6 med Alfred"},"content":{"rendered":"\n<p>I s\u00f6ndags skulle vi h\u00e4lsa p\u00e5 Alfreds kompis och hans mamma i Malm\u00f6, men kompisen blev sjuk. Men vi \u00e5kte p\u00e5 en liten Malm\u00f6tur \u00e4nd\u00e5, Alfred och jag. F\u00f6rst visade jag Alfred var han bodde d\u00e5 han var liten. Sen gick vi till Ribban (Alfred fick spela mycket Pokemon). Badade f\u00f6tterna men det var inte s\u00e5 varmt.<\/p>\n\n\n\n<figure class=\"wp-block-image size-large\"><img loading=\"lazy\" decoding=\"async\" width=\"1000\" height=\"750\" src=\"http:\/\/karin.stampis.com\/blog\/wp-content\/uploads\/2022\/06\/20220605_130726.jpg\" alt=\"\" class=\"wp-image-29098\"\/><figcaption>Vid Ribban.<\/figcaption><\/figure>\n\n\n\n<figure class=\"wp-block-image size-large\"><img loading=\"lazy\" decoding=\"async\" width=\"1000\" height=\"750\" src=\"http:\/\/karin.stampis.com\/blog\/wp-content\/uploads\/2022\/06\/20220605_133808.jpg\" alt=\"\" class=\"wp-image-29101\"\/><figcaption>Tittar p\u00e5 f\u00e5gelungar.<\/figcaption><\/figure>\n\n\n\n<figure class=\"wp-block-image size-large\"><img loading=\"lazy\" decoding=\"async\" width=\"750\" height=\"1000\" src=\"http:\/\/karin.stampis.com\/blog\/wp-content\/uploads\/2022\/06\/20220605_140938.jpg\" alt=\"\" class=\"wp-image-29100\"\/><figcaption>Vi \u00e5t r\u00e4ksallad.<\/figcaption><\/figure>\n\n\n\n<figure class=\"wp-block-image size-large\"><img loading=\"lazy\" decoding=\"async\" width=\"750\" height=\"1000\" src=\"http:\/\/karin.stampis.com\/blog\/wp-content\/uploads\/2022\/06\/20220605_151709.jpg\" alt=\"\" class=\"wp-image-29097\"\/><figcaption>Sen gick vi till Entre och bowlade. Jag tyckte att vi spelade r\u00e4tt bra, men det var sv\u00e5rt att f\u00e5 strike\/sp\u00e4rr p\u00e5 dessa banor.<\/figcaption><\/figure>\n\n\n\n<figure class=\"wp-block-image size-large\"><img loading=\"lazy\" decoding=\"async\" width=\"1000\" height=\"750\" src=\"http:\/\/karin.stampis.com\/blog\/wp-content\/uploads\/2022\/06\/20220605_152610.jpg\" alt=\"\" class=\"wp-image-29099\"\/><figcaption>Banan var r\u00e4tt h\u00f6gt upp s\u00e5 man kunde se ut \u00f6ver Malm\u00f6.<\/figcaption><\/figure>\n\n\n\n<figure class=\"wp-block-image size-full\"><img loading=\"lazy\" decoding=\"async\" width=\"1000\" height=\"750\" src=\"http:\/\/karin.stampis.com\/blog\/wp-content\/uploads\/2022\/06\/20220605_152608.jpg\" alt=\"\" class=\"wp-image-29104\"\/><\/figure>\n\n\n\n<p>Sen kom Jimmy och Viktor och h\u00e4mtade oss. Viktor hade varit p\u00e5 kalas, och han och Jimmy hade sen variot p\u00e5 en shoppingtur p\u00e5 Hornbach och liknande st\u00e4llen, n\u00e5got som Viktor tycker \u00e4r kul att h\u00e4nga med p\u00e5.<\/p>\n","protected":false},"excerpt":{"rendered":"<p>I s\u00f6ndags skulle vi h\u00e4lsa p\u00e5 Alfreds kompis och hans mamma i Malm\u00f6, men kompisen blev sjuk. Men vi \u00e5kte p\u00e5 en liten Malm\u00f6tur \u00e4nd\u00e5, Alfred och jag. F\u00f6rst visade jag Alfred var han bodde d\u00e5 han var liten. Sen &hellip; <a href=\"http:\/\/karin.stampis.com\/blog\/?p=29096\">Continue reading <span class=\"meta-nav\">&rarr;<\/span><\/a><\/p>\n","protected":false},"author":1,"featured_media":0,"comment_status":"open","ping_status":"open","sticky":false,"template":"","format":"standard","meta":{"footnotes":""},"categories":[500,322,333,508],"tags":[],"class_list":["post-29096","post","type-post","status-publish","format-standard","hentry","category-500","category-alfred","category-du-och-jag-alfred","category-juni-2022"],"_links":{"self":[{"href":"http:\/\/karin.stampis.com\/blog\/index.php?rest_route=\/wp\/v2\/posts\/29096","targetHints":{"allow":["GET"]}}],"collection":[{"href":"http:\/\/karin.stampis.com\/blog\/index.php?rest_route=\/wp\/v2\/posts"}],"about":[{"href":"http:\/\/karin.stampis.com\/blog\/index.php?rest_route=\/wp\/v2\/types\/post"}],"author":[{"embeddable":true,"href":"http:\/\/karin.stampis.com\/blog\/index.php?rest_route=\/wp\/v2\/users\/1"}],"replies":[{"embeddable":true,"href":"http:\/\/karin.stampis.com\/blog\/index.php?rest_route=%2Fwp%2Fv2%2Fcomments&post=29096"}],"version-history":[{"count":3,"href":"http:\/\/karin.stampis.com\/blog\/index.php?rest_route=\/wp\/v2\/posts\/29096\/revisions"}],"predecessor-version":[{"id":29106,"href":"http:\/\/karin.stampis.com\/blog\/index.php?rest_route=\/wp\/v2\/posts\/29096\/revisions\/29106"}],"wp:attachment":[{"href":"http:\/\/karin.stampis.com\/blog\/index.php?rest_route=%2Fwp%2Fv2%2Fmedia&parent=29096"}],"wp:term":[{"taxonomy":"category","embeddable":true,"href":"http:\/\/karin.stampis.com\/blog\/index.php?rest_route=%2Fwp%2Fv2%2Fcategories&post=29096"},{"taxonomy":"post_tag","embeddable":true,"href":"http:\/\/karin.stampis.com\/blog\/index.php?rest_route=%2Fwp%2Fv2%2Ftags&post=29096"}],"curies":[{"name":"wp","href":"https:\/\/api.w.org\/{rel}","templated":true}]}}