{"id":29131,"date":"2022-06-30T08:15:00","date_gmt":"2022-06-30T07:15:00","guid":{"rendered":"http:\/\/karin.stampis.com\/blog\/?p=29131"},"modified":"2022-06-29T14:15:20","modified_gmt":"2022-06-29T13:15:20","slug":"skolavslutning-2","status":"publish","type":"post","link":"http:\/\/karin.stampis.com\/blog\/?p=29131","title":{"rendered":"Skolavslutning!"},"content":{"rendered":"\n<p>Den 10 juni s\u00e5 slutade Alfred i l\u00e5gstadiet. Det var den f\u00f6rsta avslutningen p\u00e5 l\u00e4nge nu med tanke p\u00e5 corona (jag s\u00e4ger inte &#8220;efter corona&#8221;, f\u00f6r corona finns fortfarande&#8230;). F\u00f6rst var det picknick p\u00e5 Gr\u00f6ningen p\u00e5 morgonen. Barnen spelade fotbollsmatch mot f\u00f6r\u00e4ldrarna. H\u00e4r fick Jimmy vara familjens representant. V\u00e4dret var mulet men regnet h\u00f6ll sig tackolov borta.<\/p>\n\n\n\n<figure class=\"wp-block-image size-large\"><img loading=\"lazy\" decoding=\"async\" width=\"1024\" height=\"891\" src=\"http:\/\/karin.stampis.com\/blog\/wp-content\/uploads\/2022\/06\/20220610_093453-2-1024x891.jpg\" alt=\"\" class=\"wp-image-29137\" srcset=\"http:\/\/karin.stampis.com\/blog\/wp-content\/uploads\/2022\/06\/20220610_093453-2-1024x891.jpg 1024w, http:\/\/karin.stampis.com\/blog\/wp-content\/uploads\/2022\/06\/20220610_093453-2-360x313.jpg 360w, http:\/\/karin.stampis.com\/blog\/wp-content\/uploads\/2022\/06\/20220610_093453-2-768x668.jpg 768w, http:\/\/karin.stampis.com\/blog\/wp-content\/uploads\/2022\/06\/20220610_093453-2-1536x1336.jpg 1536w, http:\/\/karin.stampis.com\/blog\/wp-content\/uploads\/2022\/06\/20220610_093453-2-2048x1782.jpg 2048w\" sizes=\"auto, (max-width: 1024px) 100vw, 1024px\" \/><\/figure>\n\n\n\n<p>Sen var det dags f\u00f6r avslutningss\u00e5nger. H\u00e4r nedan vandrar Alfred in. EFter lite sk\u00f6ns\u00e5ng s\u00e5 spelades &#8220;Det \u00e4r \u00f6ver nu&#8221; och d\u00e5 sprang treorna iv\u00e4g. <\/p>\n\n\n\n<p>Stora killen, det var sista dagen p\u00e5 hans skoltid h\u00e4r, och nu b\u00e4r det av till en st\u00f6rre skola i h\u00f6st! Men vi b\u00f6rjar ju p\u00e5 en ny kula d\u00e5 Viktor b\u00f6rjar i ALfreds gamla skola i h\u00f6st. Viktor hade f\u00f6rresten ocks\u00e5 avslutning p\u00e5 f\u00f6rskolan. Hans k\u00e4ra, numera pensionerade, f\u00f6rskoll\u00e4rare sen sm\u00e5barnsgruppen kom och sa hejd\u00e5 och gav honom en ros. Mycket avslut \u00e4r det nu, och mycket nytt \u00e4r det i h\u00f6st. <\/p>\n\n\n\n<figure class=\"wp-block-image size-large\"><img loading=\"lazy\" decoding=\"async\" width=\"882\" height=\"1024\" src=\"http:\/\/karin.stampis.com\/blog\/wp-content\/uploads\/2022\/06\/20220610_095915-2-882x1024.jpg\" alt=\"\" class=\"wp-image-29136\" srcset=\"http:\/\/karin.stampis.com\/blog\/wp-content\/uploads\/2022\/06\/20220610_095915-2-882x1024.jpg 882w, http:\/\/karin.stampis.com\/blog\/wp-content\/uploads\/2022\/06\/20220610_095915-2-310x360.jpg 310w, http:\/\/karin.stampis.com\/blog\/wp-content\/uploads\/2022\/06\/20220610_095915-2-768x892.jpg 768w, http:\/\/karin.stampis.com\/blog\/wp-content\/uploads\/2022\/06\/20220610_095915-2-1323x1536.jpg 1323w, http:\/\/karin.stampis.com\/blog\/wp-content\/uploads\/2022\/06\/20220610_095915-2-1764x2048.jpg 1764w\" sizes=\"auto, (max-width: 882px) 100vw, 882px\" \/><\/figure>\n","protected":false},"excerpt":{"rendered":"<p>Den 10 juni s\u00e5 slutade Alfred i l\u00e5gstadiet. Det var den f\u00f6rsta avslutningen p\u00e5 l\u00e4nge nu med tanke p\u00e5 corona (jag s\u00e4ger inte &#8220;efter corona&#8221;, f\u00f6r corona finns fortfarande&#8230;). F\u00f6rst var det picknick p\u00e5 Gr\u00f6ningen p\u00e5 morgonen. Barnen spelade fotbollsmatch &hellip; <a href=\"http:\/\/karin.stampis.com\/blog\/?p=29131\">Continue reading <span class=\"meta-nav\">&rarr;<\/span><\/a><\/p>\n","protected":false},"author":1,"featured_media":0,"comment_status":"open","ping_status":"open","sticky":false,"template":"","format":"standard","meta":{"footnotes":""},"categories":[500,508],"tags":[],"class_list":["post-29131","post","type-post","status-publish","format-standard","hentry","category-500","category-juni-2022"],"_links":{"self":[{"href":"http:\/\/karin.stampis.com\/blog\/index.php?rest_route=\/wp\/v2\/posts\/29131","targetHints":{"allow":["GET"]}}],"collection":[{"href":"http:\/\/karin.stampis.com\/blog\/index.php?rest_route=\/wp\/v2\/posts"}],"about":[{"href":"http:\/\/karin.stampis.com\/blog\/index.php?rest_route=\/wp\/v2\/types\/post"}],"author":[{"embeddable":true,"href":"http:\/\/karin.stampis.com\/blog\/index.php?rest_route=\/wp\/v2\/users\/1"}],"replies":[{"embeddable":true,"href":"http:\/\/karin.stampis.com\/blog\/index.php?rest_route=%2Fwp%2Fv2%2Fcomments&post=29131"}],"version-history":[{"count":1,"href":"http:\/\/karin.stampis.com\/blog\/index.php?rest_route=\/wp\/v2\/posts\/29131\/revisions"}],"predecessor-version":[{"id":29138,"href":"http:\/\/karin.stampis.com\/blog\/index.php?rest_route=\/wp\/v2\/posts\/29131\/revisions\/29138"}],"wp:attachment":[{"href":"http:\/\/karin.stampis.com\/blog\/index.php?rest_route=%2Fwp%2Fv2%2Fmedia&parent=29131"}],"wp:term":[{"taxonomy":"category","embeddable":true,"href":"http:\/\/karin.stampis.com\/blog\/index.php?rest_route=%2Fwp%2Fv2%2Fcategories&post=29131"},{"taxonomy":"post_tag","embeddable":true,"href":"http:\/\/karin.stampis.com\/blog\/index.php?rest_route=%2Fwp%2Fv2%2Ftags&post=29131"}],"curies":[{"name":"wp","href":"https:\/\/api.w.org\/{rel}","templated":true}]}}