{"id":2974,"date":"2009-04-05T06:44:33","date_gmt":"2009-04-05T05:44:33","guid":{"rendered":"http:\/\/karin.stampis.com\/blog\/?p=2974"},"modified":"2009-04-05T06:53:35","modified_gmt":"2009-04-05T05:53:35","slug":"harlig-lordag","status":"publish","type":"post","link":"http:\/\/karin.stampis.com\/blog\/?p=2974","title":{"rendered":"H\u00e4rlig L\u00f6rdag"},"content":{"rendered":"<p>Hade en himla trevlig l\u00f6rdag!<\/p>\n<p>B\u00f6rjade dagen med att handla nybakt br\u00f6d och f\u00e4rskpressad juice, och hade sen en l\u00e5ng och god frukost med tidningsl\u00e4sning och soft musik. Sen laddade vi inf\u00f6r dagens shoppingrunda genom att ta en sk\u00f6n tupplur efter frukosten.<\/p>\n<p>Slutligen kom vi iv\u00e4g p\u00e5 stan &#8211; kryllade av folk, finanskrisen k\u00e4ndes v\u00e4ldigt l\u00e5ngt borta. Det var mest Jimmy som skulle handla men jag f\u00f6ljde med som support. Han hittade en massa. Man m\u00e4rker att m\u00e4nnens j\u00e4garinstinkt sitter kvar: han ser en aff\u00e4r, g\u00e5r in och tar omedelbums det han tycker ser bra ut, provar och s\u00e5 passar allt och s\u00e5 var det klart snabbt och l\u00e4tt. S\u00e5 bra j\u00e4gare skulle jag ocks\u00e5 vilja vara \ud83d\ude09 . Men jag sprang iallafall p\u00e5 en v\u00e5rjacka:<\/p>\n<p><a href=\"http:\/\/karin.stampis.com\/blog\/wp-content\/uploads\/2009\/04\/jacka-1.jpg\"><img loading=\"lazy\" decoding=\"async\" class=\"aligncenter size-medium wp-image-2975\" title=\"jacka-1\" src=\"http:\/\/karin.stampis.com\/blog\/wp-content\/uploads\/2009\/04\/jacka-1-270x360.jpg\" alt=\"jacka-1\" width=\"270\" height=\"360\" srcset=\"http:\/\/karin.stampis.com\/blog\/wp-content\/uploads\/2009\/04\/jacka-1-270x360.jpg 270w, http:\/\/karin.stampis.com\/blog\/wp-content\/uploads\/2009\/04\/jacka-1.jpg 750w\" sizes=\"auto, (max-width: 270px) 100vw, 270px\" \/><\/a><\/p>\n<p>Sen satte vi oss i solen vid kanalen och drack en islatte. V\u00e4ldigt sk\u00f6nt. En av oss hade dessutom varit smart nog att ta med solglas\u00f6gon vilket den andra inte hade&#8230;<\/p>\n<p><a href=\"http:\/\/karin.stampis.com\/blog\/wp-content\/uploads\/2009\/04\/sol-1.jpg\"><img loading=\"lazy\" decoding=\"async\" class=\"aligncenter size-medium wp-image-2980\" title=\"sol-1\" src=\"http:\/\/karin.stampis.com\/blog\/wp-content\/uploads\/2009\/04\/sol-1-360x295.jpg\" alt=\"sol-1\" width=\"360\" height=\"295\" srcset=\"http:\/\/karin.stampis.com\/blog\/wp-content\/uploads\/2009\/04\/sol-1-360x295.jpg 360w, http:\/\/karin.stampis.com\/blog\/wp-content\/uploads\/2009\/04\/sol-1.jpg 1000w\" sizes=\"auto, (max-width: 360px) 100vw, 360px\" \/><\/a><\/p>\n<p>H\u00e4rligt bl\u00e5 molnfri himmel!<\/p>\n<p><a href=\"http:\/\/karin.stampis.com\/blog\/wp-content\/uploads\/2009\/04\/sol-11.jpg\"><img loading=\"lazy\" decoding=\"async\" class=\"aligncenter size-medium wp-image-2993\" title=\"sol-11\" src=\"http:\/\/karin.stampis.com\/blog\/wp-content\/uploads\/2009\/04\/sol-11-360x245.jpg\" alt=\"sol-11\" width=\"360\" height=\"245\" srcset=\"http:\/\/karin.stampis.com\/blog\/wp-content\/uploads\/2009\/04\/sol-11-360x245.jpg 360w, http:\/\/karin.stampis.com\/blog\/wp-content\/uploads\/2009\/04\/sol-11.jpg 1000w\" sizes=\"auto, (max-width: 360px) 100vw, 360px\" \/><\/a><\/p>\n<p>\u00c4nnu mera v\u00e5rk\u00e4nsla med h\u00e4rliga blommor:<\/p>\n<p><a href=\"http:\/\/karin.stampis.com\/blog\/wp-content\/uploads\/2009\/04\/sol-1-3.jpg\"><img loading=\"lazy\" decoding=\"async\" class=\"aligncenter size-medium wp-image-2983\" title=\"sol-1-3\" src=\"http:\/\/karin.stampis.com\/blog\/wp-content\/uploads\/2009\/04\/sol-1-3-360x270.jpg\" alt=\"sol-1-3\" width=\"360\" height=\"270\" srcset=\"http:\/\/karin.stampis.com\/blog\/wp-content\/uploads\/2009\/04\/sol-1-3-360x270.jpg 360w, http:\/\/karin.stampis.com\/blog\/wp-content\/uploads\/2009\/04\/sol-1-3.jpg 1000w\" sizes=\"auto, (max-width: 360px) 100vw, 360px\" \/><\/a><\/p>\n<p>Och ett annat s\u00e4kert v\u00e5rtecken \u00e4r de underbart s\u00f6ta dunbollarna! Hade inte sett n\u00e5gra alls i \u00e5r och helt pl\u00f6tsligt sprang jag p\u00e5 denna familjen, d\u00e4r dunbollarna \u00e4nd\u00e5 inte \u00e4r helt purunga. De m\u00e5ste varit tidigt ute.<\/p>\n<p><a href=\"http:\/\/karin.stampis.com\/blog\/wp-content\/uploads\/2009\/04\/sol-1-4.jpg\"><img loading=\"lazy\" decoding=\"async\" class=\"aligncenter size-medium wp-image-2984\" title=\"sol-1-4\" src=\"http:\/\/karin.stampis.com\/blog\/wp-content\/uploads\/2009\/04\/sol-1-4-360x270.jpg\" alt=\"sol-1-4\" width=\"360\" height=\"270\" srcset=\"http:\/\/karin.stampis.com\/blog\/wp-content\/uploads\/2009\/04\/sol-1-4-360x270.jpg 360w, http:\/\/karin.stampis.com\/blog\/wp-content\/uploads\/2009\/04\/sol-1-4.jpg 1000w\" sizes=\"auto, (max-width: 360px) 100vw, 360px\" \/><\/a><\/p>\n<p>Dags att g\u00e5 ner till vattnet:<\/p>\n<p><a href=\"http:\/\/karin.stampis.com\/blog\/wp-content\/uploads\/2009\/04\/sol-1-5.jpg\"><img loading=\"lazy\" decoding=\"async\" class=\"aligncenter size-medium wp-image-2985\" title=\"sol-1-5\" src=\"http:\/\/karin.stampis.com\/blog\/wp-content\/uploads\/2009\/04\/sol-1-5-360x270.jpg\" alt=\"sol-1-5\" width=\"360\" height=\"270\" srcset=\"http:\/\/karin.stampis.com\/blog\/wp-content\/uploads\/2009\/04\/sol-1-5-360x270.jpg 360w, http:\/\/karin.stampis.com\/blog\/wp-content\/uploads\/2009\/04\/sol-1-5.jpg 1000w\" sizes=\"auto, (max-width: 360px) 100vw, 360px\" \/><\/a>Lite vinglig tur ner:<\/p>\n<p><a href=\"http:\/\/karin.stampis.com\/blog\/wp-content\/uploads\/2009\/04\/sol-1-6.jpg\"><img loading=\"lazy\" decoding=\"async\" class=\"aligncenter size-medium wp-image-2986\" title=\"sol-1-6\" src=\"http:\/\/karin.stampis.com\/blog\/wp-content\/uploads\/2009\/04\/sol-1-6-360x270.jpg\" alt=\"sol-1-6\" width=\"360\" height=\"270\" srcset=\"http:\/\/karin.stampis.com\/blog\/wp-content\/uploads\/2009\/04\/sol-1-6-360x270.jpg 360w, http:\/\/karin.stampis.com\/blog\/wp-content\/uploads\/2009\/04\/sol-1-6.jpg 1000w\" sizes=\"auto, (max-width: 360px) 100vw, 360px\" \/><\/a><\/p>\n<p>Dunbollarna ser lite skeptiska ut:<\/p>\n<p><a href=\"http:\/\/karin.stampis.com\/blog\/wp-content\/uploads\/2009\/04\/sol-1-7.jpg\"><img loading=\"lazy\" decoding=\"async\" class=\"aligncenter size-medium wp-image-2987\" title=\"sol-1-7\" src=\"http:\/\/karin.stampis.com\/blog\/wp-content\/uploads\/2009\/04\/sol-1-7-270x360.jpg\" alt=\"sol-1-7\" width=\"270\" height=\"360\" srcset=\"http:\/\/karin.stampis.com\/blog\/wp-content\/uploads\/2009\/04\/sol-1-7-270x360.jpg 270w, http:\/\/karin.stampis.com\/blog\/wp-content\/uploads\/2009\/04\/sol-1-7.jpg 750w\" sizes=\"auto, (max-width: 270px) 100vw, 270px\" \/><\/a><\/p>\n<p>Men tillslut hoppade dom i och simmade runt:<\/p>\n<p><a href=\"http:\/\/karin.stampis.com\/blog\/wp-content\/uploads\/2009\/04\/sol-1-8.jpg\"><img loading=\"lazy\" decoding=\"async\" class=\"aligncenter size-medium wp-image-2988\" title=\"sol-1-8\" src=\"http:\/\/karin.stampis.com\/blog\/wp-content\/uploads\/2009\/04\/sol-1-8-360x270.jpg\" alt=\"sol-1-8\" width=\"360\" height=\"270\" srcset=\"http:\/\/karin.stampis.com\/blog\/wp-content\/uploads\/2009\/04\/sol-1-8-360x270.jpg 360w, http:\/\/karin.stampis.com\/blog\/wp-content\/uploads\/2009\/04\/sol-1-8.jpg 1000w\" sizes=\"auto, (max-width: 360px) 100vw, 360px\" \/><\/a><\/p>\n<p>Sen satt vi ute p\u00e5 balkongen och planerade v\u00e5ren, myyysigt! V\u00e5ren kom lite \u00f6verraskande, s\u00e5 vi hade inte hunnit st\u00e4da balkongen, men det funkade bra \u00e4nd\u00e5! Var en fin kv\u00e4llssol s\u00e5 kunde sitta ute till halv 8-tiden.<\/p>\n<p><a href=\"http:\/\/karin.stampis.com\/blog\/wp-content\/uploads\/2009\/04\/sol-12.jpg\"><img loading=\"lazy\" decoding=\"async\" class=\"aligncenter size-medium wp-image-3011\" title=\"sol-12\" src=\"http:\/\/karin.stampis.com\/blog\/wp-content\/uploads\/2009\/04\/sol-12-232x360.jpg\" alt=\"sol-12\" width=\"232\" height=\"360\" srcset=\"http:\/\/karin.stampis.com\/blog\/wp-content\/uploads\/2009\/04\/sol-12-232x360.jpg 232w, http:\/\/karin.stampis.com\/blog\/wp-content\/uploads\/2009\/04\/sol-12.jpg 647w\" sizes=\"auto, (max-width: 232px) 100vw, 232px\" \/><\/a><\/p>\n<p>En av v\u00e5ra klematis har vaknat till liv igen, trots att den st\u00e5tt ute p\u00e5 balkongen hela vintern. T\u00e5lig typ&#8230;<\/p>\n<p><a href=\"http:\/\/karin.stampis.com\/blog\/wp-content\/uploads\/2009\/04\/vayr-039.jpg\"><img loading=\"lazy\" decoding=\"async\" class=\"aligncenter size-medium wp-image-3007\" title=\"vayr-039\" src=\"http:\/\/karin.stampis.com\/blog\/wp-content\/uploads\/2009\/04\/vayr-039-270x360.jpg\" alt=\"vayr-039\" width=\"270\" height=\"360\" srcset=\"http:\/\/karin.stampis.com\/blog\/wp-content\/uploads\/2009\/04\/vayr-039-270x360.jpg 270w, http:\/\/karin.stampis.com\/blog\/wp-content\/uploads\/2009\/04\/vayr-039-768x1024.jpg 768w, http:\/\/karin.stampis.com\/blog\/wp-content\/uploads\/2009\/04\/vayr-039.jpg 1368w\" sizes=\"auto, (max-width: 270px) 100vw, 270px\" \/><\/a>Sen gick vi in och k\u00e4kade en mumsig indisk takeaway,mmm! Sen var det filmdax.<\/p>\n","protected":false},"excerpt":{"rendered":"<p>Hade en himla trevlig l\u00f6rdag! B\u00f6rjade dagen med att handla nybakt br\u00f6d och f\u00e4rskpressad juice, och hade sen en l\u00e5ng och god frukost med tidningsl\u00e4sning och soft musik. Sen laddade vi inf\u00f6r dagens shoppingrunda genom att ta en sk\u00f6n tupplur &hellip; <a href=\"http:\/\/karin.stampis.com\/blog\/?p=2974\">Continue reading <span class=\"meta-nav\">&rarr;<\/span><\/a><\/p>\n","protected":false},"author":1,"featured_media":0,"comment_status":"open","ping_status":"open","sticky":false,"template":"","format":"standard","meta":{"footnotes":""},"categories":[191,147],"tags":[192,180],"class_list":["post-2974","post","type-post","status-publish","format-standard","hentry","category-april-2009","category-fotoblogg","tag-shopping","tag-var"],"_links":{"self":[{"href":"http:\/\/karin.stampis.com\/blog\/index.php?rest_route=\/wp\/v2\/posts\/2974","targetHints":{"allow":["GET"]}}],"collection":[{"href":"http:\/\/karin.stampis.com\/blog\/index.php?rest_route=\/wp\/v2\/posts"}],"about":[{"href":"http:\/\/karin.stampis.com\/blog\/index.php?rest_route=\/wp\/v2\/types\/post"}],"author":[{"embeddable":true,"href":"http:\/\/karin.stampis.com\/blog\/index.php?rest_route=\/wp\/v2\/users\/1"}],"replies":[{"embeddable":true,"href":"http:\/\/karin.stampis.com\/blog\/index.php?rest_route=%2Fwp%2Fv2%2Fcomments&post=2974"}],"version-history":[{"count":22,"href":"http:\/\/karin.stampis.com\/blog\/index.php?rest_route=\/wp\/v2\/posts\/2974\/revisions"}],"predecessor-version":[{"id":3016,"href":"http:\/\/karin.stampis.com\/blog\/index.php?rest_route=\/wp\/v2\/posts\/2974\/revisions\/3016"}],"wp:attachment":[{"href":"http:\/\/karin.stampis.com\/blog\/index.php?rest_route=%2Fwp%2Fv2%2Fmedia&parent=2974"}],"wp:term":[{"taxonomy":"category","embeddable":true,"href":"http:\/\/karin.stampis.com\/blog\/index.php?rest_route=%2Fwp%2Fv2%2Fcategories&post=2974"},{"taxonomy":"post_tag","embeddable":true,"href":"http:\/\/karin.stampis.com\/blog\/index.php?rest_route=%2Fwp%2Fv2%2Ftags&post=2974"}],"curies":[{"name":"wp","href":"https:\/\/api.w.org\/{rel}","templated":true}]}}