{"id":29810,"date":"2022-11-25T08:42:00","date_gmt":"2022-11-25T07:42:00","guid":{"rendered":"http:\/\/karin.stampis.com\/blog\/?p=29810"},"modified":"2022-11-20T08:42:17","modified_gmt":"2022-11-20T07:42:17","slug":"alfreds-fodelsedag-i-parken","status":"publish","type":"post","link":"http:\/\/karin.stampis.com\/blog\/?p=29810","title":{"rendered":"Alfreds f\u00f6delsedag i parken"},"content":{"rendered":"\n<p>Vi spenderade hela Alfreds f\u00f6delsedag i parken och var kvar till st\u00e4ngningsdags.<\/p>\n\n\n\n<figure class=\"wp-block-image size-large\"><img loading=\"lazy\" decoding=\"async\" width=\"750\" height=\"1000\" src=\"http:\/\/karin.stampis.com\/blog\/wp-content\/uploads\/2022\/11\/20221023_075956.jpg\" alt=\"\" class=\"wp-image-29814\" srcset=\"http:\/\/karin.stampis.com\/blog\/wp-content\/uploads\/2022\/11\/20221023_075956.jpg 750w, http:\/\/karin.stampis.com\/blog\/wp-content\/uploads\/2022\/11\/20221023_075956-270x360.jpg 270w\" sizes=\"auto, (max-width: 750px) 100vw, 750px\" \/><figcaption>P\u00e5 f\u00f6delsedagsmorgonen v\u00e4ckte vi Alfred med sk\u00f6ns\u00e5ng.<\/figcaption><\/figure>\n\n\n\n<figure class=\"wp-block-image size-large is-resized\"><img loading=\"lazy\" decoding=\"async\" src=\"http:\/\/karin.stampis.com\/blog\/wp-content\/uploads\/2022\/11\/20221023_081825.jpg\" alt=\"\" class=\"wp-image-29813\" width=\"840\" height=\"718\" srcset=\"http:\/\/karin.stampis.com\/blog\/wp-content\/uploads\/2022\/11\/20221023_081825.jpg 1000w, http:\/\/karin.stampis.com\/blog\/wp-content\/uploads\/2022\/11\/20221023_081825-360x308.jpg 360w, http:\/\/karin.stampis.com\/blog\/wp-content\/uploads\/2022\/11\/20221023_081825-768x657.jpg 768w\" sizes=\"auto, (max-width: 840px) 100vw, 840px\" \/><figcaption>Vi hade med en massa presenter som han fick \u00f6ppna p\u00e5 morgonen.<\/figcaption><\/figure>\n\n\n\n<figure class=\"wp-block-image size-large\"><img loading=\"lazy\" decoding=\"async\" width=\"1000\" height=\"750\" src=\"http:\/\/karin.stampis.com\/blog\/wp-content\/uploads\/2022\/11\/20221023_081934.jpg\" alt=\"\" class=\"wp-image-29811\" srcset=\"http:\/\/karin.stampis.com\/blog\/wp-content\/uploads\/2022\/11\/20221023_081934.jpg 1000w, http:\/\/karin.stampis.com\/blog\/wp-content\/uploads\/2022\/11\/20221023_081934-360x270.jpg 360w, http:\/\/karin.stampis.com\/blog\/wp-content\/uploads\/2022\/11\/20221023_081934-768x576.jpg 768w\" sizes=\"auto, (max-width: 1000px) 100vw, 1000px\" \/><figcaption>Det var instoppat godis i en del av presenterna.<\/figcaption><\/figure>\n\n\n\n<figure class=\"wp-block-image size-large\"><img loading=\"lazy\" decoding=\"async\" width=\"1000\" height=\"750\" src=\"http:\/\/karin.stampis.com\/blog\/wp-content\/uploads\/2022\/11\/20221023_152853.jpg\" alt=\"\" class=\"wp-image-29812\" srcset=\"http:\/\/karin.stampis.com\/blog\/wp-content\/uploads\/2022\/11\/20221023_152853.jpg 1000w, http:\/\/karin.stampis.com\/blog\/wp-content\/uploads\/2022\/11\/20221023_152853-360x270.jpg 360w, http:\/\/karin.stampis.com\/blog\/wp-content\/uploads\/2022\/11\/20221023_152853-768x576.jpg 768w\" sizes=\"auto, (max-width: 1000px) 100vw, 1000px\" \/><figcaption>P\u00e5 eftermiddagen satte vi oss i parken och sj\u00f6ng f\u00f6r Alfred. Han bl\u00e5ste ljus och vi \u00e5t rullt\u00e5rta. <\/figcaption><\/figure>\n\n\n\n<p><\/p>\n","protected":false},"excerpt":{"rendered":"<p>Vi spenderade hela Alfreds f\u00f6delsedag i parken och var kvar till st\u00e4ngningsdags.<\/p>\n","protected":false},"author":1,"featured_media":0,"comment_status":"open","ping_status":"open","sticky":false,"template":"","format":"standard","meta":{"footnotes":""},"categories":[500,517,516,514,145],"tags":[],"class_list":["post-29810","post","type-post","status-publish","format-standard","hentry","category-500","category-knuthenborg-safari-park-danmark","category-november-2022","category-oktober-2022","category-resebloggar"],"_links":{"self":[{"href":"http:\/\/karin.stampis.com\/blog\/index.php?rest_route=\/wp\/v2\/posts\/29810","targetHints":{"allow":["GET"]}}],"collection":[{"href":"http:\/\/karin.stampis.com\/blog\/index.php?rest_route=\/wp\/v2\/posts"}],"about":[{"href":"http:\/\/karin.stampis.com\/blog\/index.php?rest_route=\/wp\/v2\/types\/post"}],"author":[{"embeddable":true,"href":"http:\/\/karin.stampis.com\/blog\/index.php?rest_route=\/wp\/v2\/users\/1"}],"replies":[{"embeddable":true,"href":"http:\/\/karin.stampis.com\/blog\/index.php?rest_route=%2Fwp%2Fv2%2Fcomments&post=29810"}],"version-history":[{"count":1,"href":"http:\/\/karin.stampis.com\/blog\/index.php?rest_route=\/wp\/v2\/posts\/29810\/revisions"}],"predecessor-version":[{"id":29816,"href":"http:\/\/karin.stampis.com\/blog\/index.php?rest_route=\/wp\/v2\/posts\/29810\/revisions\/29816"}],"wp:attachment":[{"href":"http:\/\/karin.stampis.com\/blog\/index.php?rest_route=%2Fwp%2Fv2%2Fmedia&parent=29810"}],"wp:term":[{"taxonomy":"category","embeddable":true,"href":"http:\/\/karin.stampis.com\/blog\/index.php?rest_route=%2Fwp%2Fv2%2Fcategories&post=29810"},{"taxonomy":"post_tag","embeddable":true,"href":"http:\/\/karin.stampis.com\/blog\/index.php?rest_route=%2Fwp%2Fv2%2Ftags&post=29810"}],"curies":[{"name":"wp","href":"https:\/\/api.w.org\/{rel}","templated":true}]}}