{"id":30173,"date":"2023-03-05T13:26:00","date_gmt":"2023-03-05T12:26:00","guid":{"rendered":"http:\/\/karin.stampis.com\/blog\/?p=30173"},"modified":"2023-03-04T13:27:56","modified_gmt":"2023-03-04T12:27:56","slug":"lite-diverse-fran-resan","status":"publish","type":"post","link":"http:\/\/karin.stampis.com\/blog\/?p=30173","title":{"rendered":"Lite diverse fr\u00e5n resan"},"content":{"rendered":"\n<p>Vi tog inte s\u00e5 mycket foton p\u00e5 resan (vi gjorde ju t.ex. inte heller n\u00e5gra utflykter, eftersom killarna var lite sjuka, speciellt den dagen som var aktivitetsfri p\u00e5 hotellet, d\u00e5 vi egentligen hade t\u00e4nkt att \u00e5ka iv\u00e4g)<\/p>\n\n\n\n<figure class=\"wp-block-image size-large\"><img loading=\"lazy\" decoding=\"async\" width=\"1024\" height=\"768\" src=\"http:\/\/karin.stampis.com\/blog\/wp-content\/uploads\/2023\/03\/20230215_184533-1024x768.jpg\" alt=\"\" class=\"wp-image-30176\" srcset=\"http:\/\/karin.stampis.com\/blog\/wp-content\/uploads\/2023\/03\/20230215_184533-1024x768.jpg 1024w, http:\/\/karin.stampis.com\/blog\/wp-content\/uploads\/2023\/03\/20230215_184533-360x270.jpg 360w, http:\/\/karin.stampis.com\/blog\/wp-content\/uploads\/2023\/03\/20230215_184533-768x576.jpg 768w, http:\/\/karin.stampis.com\/blog\/wp-content\/uploads\/2023\/03\/20230215_184533-1536x1152.jpg 1536w, http:\/\/karin.stampis.com\/blog\/wp-content\/uploads\/2023\/03\/20230215_184533.jpg 2000w\" sizes=\"auto, (max-width: 1024px) 100vw, 1024px\" \/><figcaption class=\"wp-element-caption\">Fin solnedg\u00e5ng. Hotellet var precis vid strandpromenaden.<\/figcaption><\/figure>\n\n\n\n<figure class=\"wp-block-image size-large\"><img loading=\"lazy\" decoding=\"async\" width=\"1024\" height=\"768\" src=\"http:\/\/karin.stampis.com\/blog\/wp-content\/uploads\/2023\/03\/20230217_102948-1024x768.jpg\" alt=\"\" class=\"wp-image-30179\" srcset=\"http:\/\/karin.stampis.com\/blog\/wp-content\/uploads\/2023\/03\/20230217_102948-1024x768.jpg 1024w, http:\/\/karin.stampis.com\/blog\/wp-content\/uploads\/2023\/03\/20230217_102948-360x270.jpg 360w, http:\/\/karin.stampis.com\/blog\/wp-content\/uploads\/2023\/03\/20230217_102948-768x576.jpg 768w, http:\/\/karin.stampis.com\/blog\/wp-content\/uploads\/2023\/03\/20230217_102948-1536x1152.jpg 1536w, http:\/\/karin.stampis.com\/blog\/wp-content\/uploads\/2023\/03\/20230217_102948.jpg 2000w\" sizes=\"auto, (max-width: 1024px) 100vw, 1024px\" \/><figcaption class=\"wp-element-caption\">Men en g\u00e5ng tog vi oss utanf\u00f6r hotellet och gick runt lite i byn. Vi letade fotbollstr\u00f6jor till Alfred, men det fanns bara f\u00f6r Barcelona och Real Madrid.<\/figcaption><\/figure>\n\n\n\n<figure class=\"wp-block-image size-large\"><img loading=\"lazy\" decoding=\"async\" width=\"1024\" height=\"768\" src=\"http:\/\/karin.stampis.com\/blog\/wp-content\/uploads\/2023\/03\/20230220_200215-1024x768.jpg\" alt=\"\" class=\"wp-image-30177\" srcset=\"http:\/\/karin.stampis.com\/blog\/wp-content\/uploads\/2023\/03\/20230220_200215-1024x768.jpg 1024w, http:\/\/karin.stampis.com\/blog\/wp-content\/uploads\/2023\/03\/20230220_200215-360x270.jpg 360w, http:\/\/karin.stampis.com\/blog\/wp-content\/uploads\/2023\/03\/20230220_200215-768x576.jpg 768w, http:\/\/karin.stampis.com\/blog\/wp-content\/uploads\/2023\/03\/20230220_200215-1536x1152.jpg 1536w, http:\/\/karin.stampis.com\/blog\/wp-content\/uploads\/2023\/03\/20230220_200215.jpg 2000w\" sizes=\"auto, (max-width: 1024px) 100vw, 1024px\" \/><figcaption class=\"wp-element-caption\">Och h\u00e4r \u00e4r vi ju ocks\u00e5 utanf\u00f6r hotellet, om \u00e4n bara n\u00e5gra meter \ud83d\ude09 <\/figcaption><\/figure>\n\n\n\n<figure class=\"wp-block-image size-large\"><img loading=\"lazy\" decoding=\"async\" width=\"1024\" height=\"768\" src=\"http:\/\/karin.stampis.com\/blog\/wp-content\/uploads\/2023\/03\/20230222_112506-1024x768.jpg\" alt=\"\" class=\"wp-image-30181\" srcset=\"http:\/\/karin.stampis.com\/blog\/wp-content\/uploads\/2023\/03\/20230222_112506-1024x768.jpg 1024w, http:\/\/karin.stampis.com\/blog\/wp-content\/uploads\/2023\/03\/20230222_112506-360x270.jpg 360w, http:\/\/karin.stampis.com\/blog\/wp-content\/uploads\/2023\/03\/20230222_112506-768x576.jpg 768w, http:\/\/karin.stampis.com\/blog\/wp-content\/uploads\/2023\/03\/20230222_112506-1536x1152.jpg 1536w, http:\/\/karin.stampis.com\/blog\/wp-content\/uploads\/2023\/03\/20230222_112506.jpg 2000w\" sizes=\"auto, (max-width: 1024px) 100vw, 1024px\" \/><figcaption class=\"wp-element-caption\">Och d\u00e5 flygbussen skulle plocka upp oss fick vi ocks\u00e5 g\u00e5 utanf\u00f6r hotellet, s\u00e5 d\u00e5 kunde vi k\u00e4nna p\u00e5 vattnet.<\/figcaption><\/figure>\n\n\n\n<figure class=\"wp-block-image size-large\"><img loading=\"lazy\" decoding=\"async\" width=\"1024\" height=\"768\" src=\"http:\/\/karin.stampis.com\/blog\/wp-content\/uploads\/2023\/03\/20230221_112703-1024x768.jpg\" alt=\"\" class=\"wp-image-30174\" srcset=\"http:\/\/karin.stampis.com\/blog\/wp-content\/uploads\/2023\/03\/20230221_112703-1024x768.jpg 1024w, http:\/\/karin.stampis.com\/blog\/wp-content\/uploads\/2023\/03\/20230221_112703-360x270.jpg 360w, http:\/\/karin.stampis.com\/blog\/wp-content\/uploads\/2023\/03\/20230221_112703-768x576.jpg 768w, http:\/\/karin.stampis.com\/blog\/wp-content\/uploads\/2023\/03\/20230221_112703-1536x1152.jpg 1536w, http:\/\/karin.stampis.com\/blog\/wp-content\/uploads\/2023\/03\/20230221_112703.jpg 2000w\" sizes=\"auto, (max-width: 1024px) 100vw, 1024px\" \/><figcaption class=\"wp-element-caption\">En hel del gosedjur fick f\u00f6lja med p\u00e5 resan.<\/figcaption><\/figure>\n\n\n\n<figure class=\"wp-block-image size-large\"><img loading=\"lazy\" decoding=\"async\" width=\"1024\" height=\"768\" src=\"http:\/\/karin.stampis.com\/blog\/wp-content\/uploads\/2023\/03\/20230222_080339-1024x768.jpg\" alt=\"\" class=\"wp-image-30180\" srcset=\"http:\/\/karin.stampis.com\/blog\/wp-content\/uploads\/2023\/03\/20230222_080339-1024x768.jpg 1024w, http:\/\/karin.stampis.com\/blog\/wp-content\/uploads\/2023\/03\/20230222_080339-360x270.jpg 360w, http:\/\/karin.stampis.com\/blog\/wp-content\/uploads\/2023\/03\/20230222_080339-768x576.jpg 768w, http:\/\/karin.stampis.com\/blog\/wp-content\/uploads\/2023\/03\/20230222_080339-1536x1152.jpg 1536w, http:\/\/karin.stampis.com\/blog\/wp-content\/uploads\/2023\/03\/20230222_080339.jpg 2000w\" sizes=\"auto, (max-width: 1024px) 100vw, 1024px\" \/><figcaption class=\"wp-element-caption\">Lite sjuka killar som fick vila en del i b\u00f6rjan av resan.<\/figcaption><\/figure>\n","protected":false},"excerpt":{"rendered":"<p>Vi tog inte s\u00e5 mycket foton p\u00e5 resan (vi gjorde ju t.ex. inte heller n\u00e5gra utflykter, eftersom killarna var lite sjuka, speciellt den dagen som var aktivitetsfri p\u00e5 hotellet, d\u00e5 vi egentligen hade t\u00e4nkt att \u00e5ka iv\u00e4g)<\/p>\n","protected":false},"author":1,"featured_media":0,"comment_status":"open","ping_status":"open","sticky":false,"template":"","format":"standard","meta":{"footnotes":""},"categories":[519,521,522,145],"tags":[],"class_list":["post-30173","post","type-post","status-publish","format-standard","hentry","category-519","category-februari-2023","category-gran-canaria-2023","category-resebloggar"],"_links":{"self":[{"href":"http:\/\/karin.stampis.com\/blog\/index.php?rest_route=\/wp\/v2\/posts\/30173","targetHints":{"allow":["GET"]}}],"collection":[{"href":"http:\/\/karin.stampis.com\/blog\/index.php?rest_route=\/wp\/v2\/posts"}],"about":[{"href":"http:\/\/karin.stampis.com\/blog\/index.php?rest_route=\/wp\/v2\/types\/post"}],"author":[{"embeddable":true,"href":"http:\/\/karin.stampis.com\/blog\/index.php?rest_route=\/wp\/v2\/users\/1"}],"replies":[{"embeddable":true,"href":"http:\/\/karin.stampis.com\/blog\/index.php?rest_route=%2Fwp%2Fv2%2Fcomments&post=30173"}],"version-history":[{"count":2,"href":"http:\/\/karin.stampis.com\/blog\/index.php?rest_route=\/wp\/v2\/posts\/30173\/revisions"}],"predecessor-version":[{"id":30183,"href":"http:\/\/karin.stampis.com\/blog\/index.php?rest_route=\/wp\/v2\/posts\/30173\/revisions\/30183"}],"wp:attachment":[{"href":"http:\/\/karin.stampis.com\/blog\/index.php?rest_route=%2Fwp%2Fv2%2Fmedia&parent=30173"}],"wp:term":[{"taxonomy":"category","embeddable":true,"href":"http:\/\/karin.stampis.com\/blog\/index.php?rest_route=%2Fwp%2Fv2%2Fcategories&post=30173"},{"taxonomy":"post_tag","embeddable":true,"href":"http:\/\/karin.stampis.com\/blog\/index.php?rest_route=%2Fwp%2Fv2%2Ftags&post=30173"}],"curies":[{"name":"wp","href":"https:\/\/api.w.org\/{rel}","templated":true}]}}