{"id":30203,"date":"2023-03-24T06:34:00","date_gmt":"2023-03-24T05:34:00","guid":{"rendered":"http:\/\/karin.stampis.com\/blog\/?p=30203"},"modified":"2023-03-20T18:34:47","modified_gmt":"2023-03-20T17:34:47","slug":"myshelg-med-viktor-2","status":"publish","type":"post","link":"http:\/\/karin.stampis.com\/blog\/?p=30203","title":{"rendered":"Myshelg med Viktor"},"content":{"rendered":"\n<p>Tillbaka till f\u00f6rra helgens myshelg med Viktor. Viktor sitter med mig nu och hj\u00e4lper till med texten \ud83d\ude42 .<\/p>\n\n\n\n<p>Jimmy och Alfred \u00e5kte iv\u00e4g tidigt p\u00e5 l\u00f6rdagen, de skulle till Stockholm och l\u00e4mna v\u00e5r k\u00e4ra Erland och h\u00e4mta hem ers\u00e4ttaren Theo. <\/p>\n\n\n\n<figure class=\"wp-block-image size-large\"><img loading=\"lazy\" decoding=\"async\" width=\"1024\" height=\"768\" src=\"http:\/\/karin.stampis.com\/blog\/wp-content\/uploads\/2023\/03\/20230318_080342-1024x768.jpg\" alt=\"\" class=\"wp-image-30207\" srcset=\"http:\/\/karin.stampis.com\/blog\/wp-content\/uploads\/2023\/03\/20230318_080342-1024x768.jpg 1024w, http:\/\/karin.stampis.com\/blog\/wp-content\/uploads\/2023\/03\/20230318_080342-360x270.jpg 360w, http:\/\/karin.stampis.com\/blog\/wp-content\/uploads\/2023\/03\/20230318_080342-768x576.jpg 768w, http:\/\/karin.stampis.com\/blog\/wp-content\/uploads\/2023\/03\/20230318_080342-1536x1152.jpg 1536w, http:\/\/karin.stampis.com\/blog\/wp-content\/uploads\/2023\/03\/20230318_080342.jpg 2000w\" sizes=\"auto, (max-width: 1024px) 100vw, 1024px\" \/><figcaption class=\"wp-element-caption\">Bye bye Erland! Han var med om mycket &#8211; k\u00f6ra hem Viktor fr\u00e5n f\u00f6rlossningen, och en massa semesterresor och utflykter (och s\u00e5 har han k\u00f6rt en massa skr\u00e4p till tippen :p). <\/figcaption><\/figure>\n\n\n\n<figure class=\"wp-block-image size-large is-resized\"><img loading=\"lazy\" decoding=\"async\" src=\"http:\/\/karin.stampis.com\/blog\/wp-content\/uploads\/2023\/03\/20230319_085810-1024x768.jpg\" alt=\"\" class=\"wp-image-30205\" width=\"671\" height=\"503\" srcset=\"http:\/\/karin.stampis.com\/blog\/wp-content\/uploads\/2023\/03\/20230319_085810-1024x768.jpg 1024w, http:\/\/karin.stampis.com\/blog\/wp-content\/uploads\/2023\/03\/20230319_085810-360x270.jpg 360w, http:\/\/karin.stampis.com\/blog\/wp-content\/uploads\/2023\/03\/20230319_085810-768x576.jpg 768w, http:\/\/karin.stampis.com\/blog\/wp-content\/uploads\/2023\/03\/20230319_085810-1536x1152.jpg 1536w, http:\/\/karin.stampis.com\/blog\/wp-content\/uploads\/2023\/03\/20230319_085810.jpg 2000w\" sizes=\"auto, (max-width: 671px) 100vw, 671px\" \/><figcaption class=\"wp-element-caption\">Viktor och jag m\u00e5lade massor \ud83d\ude42 .<\/figcaption><\/figure>\n\n\n\n<figure class=\"wp-block-image size-large\"><img loading=\"lazy\" decoding=\"async\" width=\"1024\" height=\"768\" src=\"http:\/\/karin.stampis.com\/blog\/wp-content\/uploads\/2023\/03\/20230318_213602-1024x768.jpg\" alt=\"\" class=\"wp-image-30208\" srcset=\"http:\/\/karin.stampis.com\/blog\/wp-content\/uploads\/2023\/03\/20230318_213602-1024x768.jpg 1024w, http:\/\/karin.stampis.com\/blog\/wp-content\/uploads\/2023\/03\/20230318_213602-360x270.jpg 360w, http:\/\/karin.stampis.com\/blog\/wp-content\/uploads\/2023\/03\/20230318_213602-768x576.jpg 768w, http:\/\/karin.stampis.com\/blog\/wp-content\/uploads\/2023\/03\/20230318_213602-1536x1152.jpg 1536w, http:\/\/karin.stampis.com\/blog\/wp-content\/uploads\/2023\/03\/20230318_213602.jpg 2000w\" sizes=\"auto, (max-width: 1024px) 100vw, 1024px\" \/><figcaption class=\"wp-element-caption\">Vi l\u00e4ste Bamse!<\/figcaption><\/figure>\n\n\n\n<figure class=\"wp-block-image size-large\"><img loading=\"lazy\" decoding=\"async\" width=\"1024\" height=\"768\" src=\"http:\/\/karin.stampis.com\/blog\/wp-content\/uploads\/2023\/03\/20230318_213640-1024x768.jpg\" alt=\"\" class=\"wp-image-30209\" srcset=\"http:\/\/karin.stampis.com\/blog\/wp-content\/uploads\/2023\/03\/20230318_213640-1024x768.jpg 1024w, http:\/\/karin.stampis.com\/blog\/wp-content\/uploads\/2023\/03\/20230318_213640-360x270.jpg 360w, http:\/\/karin.stampis.com\/blog\/wp-content\/uploads\/2023\/03\/20230318_213640-768x576.jpg 768w, http:\/\/karin.stampis.com\/blog\/wp-content\/uploads\/2023\/03\/20230318_213640-1536x1152.jpg 1536w, http:\/\/karin.stampis.com\/blog\/wp-content\/uploads\/2023\/03\/20230318_213640.jpg 2000w\" sizes=\"auto, (max-width: 1024px) 100vw, 1024px\" \/><\/figure>\n\n\n\n<p>Den f\u00f6rsta dagen hann vi \u00e4ven med att spela schack, sortera bamsetidningar, spela FIFA-kort, \u00e4ta godis, se p\u00e5 film (Trollkarlens elefant), \u00e4ta frittar och crunchlax, m.m.<\/p>\n\n\n\n<figure class=\"wp-block-image size-large\"><img loading=\"lazy\" decoding=\"async\" width=\"768\" height=\"1024\" src=\"http:\/\/karin.stampis.com\/blog\/wp-content\/uploads\/2023\/03\/20230319_132504-768x1024.jpg\" alt=\"\" class=\"wp-image-30206\" srcset=\"http:\/\/karin.stampis.com\/blog\/wp-content\/uploads\/2023\/03\/20230319_132504-768x1024.jpg 768w, http:\/\/karin.stampis.com\/blog\/wp-content\/uploads\/2023\/03\/20230319_132504-270x360.jpg 270w, http:\/\/karin.stampis.com\/blog\/wp-content\/uploads\/2023\/03\/20230319_132504-1152x1536.jpg 1152w, http:\/\/karin.stampis.com\/blog\/wp-content\/uploads\/2023\/03\/20230319_132504.jpg 1500w\" sizes=\"auto, (max-width: 768px) 100vw, 768px\" \/><figcaption class=\"wp-element-caption\">P\u00e5 s\u00f6ndagen s\u00e5 \u00e5kte vi till Lund. Vi tog en tur till stadsparken.<\/figcaption><\/figure>\n\n\n\n<figure class=\"wp-block-image size-large\"><img loading=\"lazy\" decoding=\"async\" width=\"768\" height=\"1024\" src=\"http:\/\/karin.stampis.com\/blog\/wp-content\/uploads\/2023\/03\/20230319_133331-768x1024.jpg\" alt=\"\" class=\"wp-image-30210\" srcset=\"http:\/\/karin.stampis.com\/blog\/wp-content\/uploads\/2023\/03\/20230319_133331-768x1024.jpg 768w, http:\/\/karin.stampis.com\/blog\/wp-content\/uploads\/2023\/03\/20230319_133331-270x360.jpg 270w, http:\/\/karin.stampis.com\/blog\/wp-content\/uploads\/2023\/03\/20230319_133331-1152x1536.jpg 1152w, http:\/\/karin.stampis.com\/blog\/wp-content\/uploads\/2023\/03\/20230319_133331.jpg 1500w\" sizes=\"auto, (max-width: 768px) 100vw, 768px\" \/><\/figure>\n\n\n\n<figure class=\"wp-block-image size-large\"><img loading=\"lazy\" decoding=\"async\" width=\"1024\" height=\"768\" src=\"http:\/\/karin.stampis.com\/blog\/wp-content\/uploads\/2023\/03\/20230319_133638-1024x768.jpg\" alt=\"\" class=\"wp-image-30212\" srcset=\"http:\/\/karin.stampis.com\/blog\/wp-content\/uploads\/2023\/03\/20230319_133638-1024x768.jpg 1024w, http:\/\/karin.stampis.com\/blog\/wp-content\/uploads\/2023\/03\/20230319_133638-360x270.jpg 360w, http:\/\/karin.stampis.com\/blog\/wp-content\/uploads\/2023\/03\/20230319_133638-768x576.jpg 768w, http:\/\/karin.stampis.com\/blog\/wp-content\/uploads\/2023\/03\/20230319_133638-1536x1152.jpg 1536w, http:\/\/karin.stampis.com\/blog\/wp-content\/uploads\/2023\/03\/20230319_133638.jpg 2000w\" sizes=\"auto, (max-width: 1024px) 100vw, 1024px\" \/><\/figure>\n\n\n\n<figure class=\"wp-block-image size-large\"><img loading=\"lazy\" decoding=\"async\" width=\"1024\" height=\"768\" src=\"http:\/\/karin.stampis.com\/blog\/wp-content\/uploads\/2023\/03\/20230319_141044-1024x768.jpg\" alt=\"\" class=\"wp-image-30211\" srcset=\"http:\/\/karin.stampis.com\/blog\/wp-content\/uploads\/2023\/03\/20230319_141044-1024x768.jpg 1024w, http:\/\/karin.stampis.com\/blog\/wp-content\/uploads\/2023\/03\/20230319_141044-360x270.jpg 360w, http:\/\/karin.stampis.com\/blog\/wp-content\/uploads\/2023\/03\/20230319_141044-768x576.jpg 768w, http:\/\/karin.stampis.com\/blog\/wp-content\/uploads\/2023\/03\/20230319_141044-1536x1152.jpg 1536w, http:\/\/karin.stampis.com\/blog\/wp-content\/uploads\/2023\/03\/20230319_141044.jpg 2000w\" sizes=\"auto, (max-width: 1024px) 100vw, 1024px\" \/><figcaption class=\"wp-element-caption\">Sen s\u00e5g vi p\u00e5 Mumier p\u00e5 \u00e4ventyr p\u00e5 bio. Viktor hade busigt h\u00e5r \ud83d\ude09 . N\u00e4r vi kom in s\u00e5 var det inga m\u00e4nniskor d\u00e4r, men sen s\u00e5 blev salen full.<\/figcaption><\/figure>\n\n\n\n<p>Sen lekte vi aff\u00e4r, l\u00e4ste och gosade en massa \ud83d\ude42 !<\/p>\n","protected":false},"excerpt":{"rendered":"<p>Tillbaka till f\u00f6rra helgens myshelg med Viktor. Viktor sitter med mig nu och hj\u00e4lper till med texten \ud83d\ude42 . Jimmy och Alfred \u00e5kte iv\u00e4g tidigt p\u00e5 l\u00f6rdagen, de skulle till Stockholm och l\u00e4mna v\u00e5r k\u00e4ra Erland och h\u00e4mta hem ers\u00e4ttaren &hellip; <a href=\"http:\/\/karin.stampis.com\/blog\/?p=30203\">Continue reading <span class=\"meta-nav\">&rarr;<\/span><\/a><\/p>\n","protected":false},"author":1,"featured_media":0,"comment_status":"open","ping_status":"open","sticky":false,"template":"","format":"standard","meta":{"footnotes":""},"categories":[519,523],"tags":[],"class_list":["post-30203","post","type-post","status-publish","format-standard","hentry","category-519","category-mars-2023"],"_links":{"self":[{"href":"http:\/\/karin.stampis.com\/blog\/index.php?rest_route=\/wp\/v2\/posts\/30203","targetHints":{"allow":["GET"]}}],"collection":[{"href":"http:\/\/karin.stampis.com\/blog\/index.php?rest_route=\/wp\/v2\/posts"}],"about":[{"href":"http:\/\/karin.stampis.com\/blog\/index.php?rest_route=\/wp\/v2\/types\/post"}],"author":[{"embeddable":true,"href":"http:\/\/karin.stampis.com\/blog\/index.php?rest_route=\/wp\/v2\/users\/1"}],"replies":[{"embeddable":true,"href":"http:\/\/karin.stampis.com\/blog\/index.php?rest_route=%2Fwp%2Fv2%2Fcomments&post=30203"}],"version-history":[{"count":1,"href":"http:\/\/karin.stampis.com\/blog\/index.php?rest_route=\/wp\/v2\/posts\/30203\/revisions"}],"predecessor-version":[{"id":30213,"href":"http:\/\/karin.stampis.com\/blog\/index.php?rest_route=\/wp\/v2\/posts\/30203\/revisions\/30213"}],"wp:attachment":[{"href":"http:\/\/karin.stampis.com\/blog\/index.php?rest_route=%2Fwp%2Fv2%2Fmedia&parent=30203"}],"wp:term":[{"taxonomy":"category","embeddable":true,"href":"http:\/\/karin.stampis.com\/blog\/index.php?rest_route=%2Fwp%2Fv2%2Fcategories&post=30203"},{"taxonomy":"post_tag","embeddable":true,"href":"http:\/\/karin.stampis.com\/blog\/index.php?rest_route=%2Fwp%2Fv2%2Ftags&post=30203"}],"curies":[{"name":"wp","href":"https:\/\/api.w.org\/{rel}","templated":true}]}}