{"id":3021,"date":"2009-04-10T08:12:18","date_gmt":"2009-04-10T07:12:18","guid":{"rendered":"http:\/\/karin.stampis.com\/blog\/?p=3021"},"modified":"2012-01-01T17:44:01","modified_gmt":"2012-01-01T15:44:01","slug":"varkvall","status":"publish","type":"post","link":"http:\/\/karin.stampis.com\/blog\/?p=3021","title":{"rendered":"V\u00e5rkv\u00e4ll"},"content":{"rendered":"<p>I m\u00e5ndags var det en riktigt h\u00e4rlig v\u00e5rkv\u00e4ll i Malm\u00f6 s\u00e5 vi passade p\u00e5 att g\u00e5 en l\u00e5ngrunda. Det var en h\u00e4rlig promenad och det hade kommit en massa blommor sen sist, f\u00f6retr\u00e4delsevis bl\u00e5a blommor:<\/p>\n<p><a href=\"http:\/\/karin.stampis.com\/blog\/wp-content\/uploads\/2009\/04\/blomma-1.jpg\"><img loading=\"lazy\" decoding=\"async\" class=\"aligncenter size-medium wp-image-3022\" title=\"blomma-1\" src=\"http:\/\/karin.stampis.com\/blog\/wp-content\/uploads\/2009\/04\/blomma-1-270x360.jpg\" alt=\"blomma-1\" width=\"270\" height=\"360\" srcset=\"http:\/\/karin.stampis.com\/blog\/wp-content\/uploads\/2009\/04\/blomma-1-270x360.jpg 270w, http:\/\/karin.stampis.com\/blog\/wp-content\/uploads\/2009\/04\/blomma-1.jpg 750w\" sizes=\"auto, (max-width: 270px) 100vw, 270px\" \/><\/a><\/p>\n<p><a href=\"http:\/\/karin.stampis.com\/blog\/wp-content\/uploads\/2009\/04\/blomma-1-2.jpg\"><img loading=\"lazy\" decoding=\"async\" class=\"aligncenter size-medium wp-image-3023\" title=\"blomma-1-2\" src=\"http:\/\/karin.stampis.com\/blog\/wp-content\/uploads\/2009\/04\/blomma-1-2-360x270.jpg\" alt=\"blomma-1-2\" width=\"360\" height=\"270\" srcset=\"http:\/\/karin.stampis.com\/blog\/wp-content\/uploads\/2009\/04\/blomma-1-2-360x270.jpg 360w, http:\/\/karin.stampis.com\/blog\/wp-content\/uploads\/2009\/04\/blomma-1-2.jpg 1000w\" sizes=\"auto, (max-width: 360px) 100vw, 360px\" \/><\/a><\/p>\n<p><a href=\"http:\/\/karin.stampis.com\/blog\/wp-content\/uploads\/2009\/04\/blomma-1-3.jpg\"><img loading=\"lazy\" decoding=\"async\" class=\"aligncenter size-medium wp-image-3024\" title=\"blomma-1-3\" src=\"http:\/\/karin.stampis.com\/blog\/wp-content\/uploads\/2009\/04\/blomma-1-3-360x270.jpg\" alt=\"blomma-1-3\" width=\"360\" height=\"270\" srcset=\"http:\/\/karin.stampis.com\/blog\/wp-content\/uploads\/2009\/04\/blomma-1-3-360x270.jpg 360w, http:\/\/karin.stampis.com\/blog\/wp-content\/uploads\/2009\/04\/blomma-1-3.jpg 1000w\" sizes=\"auto, (max-width: 360px) 100vw, 360px\" \/><\/a><\/p>\n<p><a href=\"http:\/\/karin.stampis.com\/blog\/wp-content\/uploads\/2009\/04\/blomma-1-6.jpg\"><img loading=\"lazy\" decoding=\"async\" class=\"aligncenter size-medium wp-image-3035\" title=\"blomma-1-6\" src=\"http:\/\/karin.stampis.com\/blog\/wp-content\/uploads\/2009\/04\/blomma-1-6-360x270.jpg\" alt=\"blomma-1-6\" width=\"360\" height=\"270\" srcset=\"http:\/\/karin.stampis.com\/blog\/wp-content\/uploads\/2009\/04\/blomma-1-6-360x270.jpg 360w, http:\/\/karin.stampis.com\/blog\/wp-content\/uploads\/2009\/04\/blomma-1-6.jpg 1000w\" sizes=\"auto, (max-width: 360px) 100vw, 360px\" \/><\/a><\/p>\n<p>L\u00e5ngpromenaden avslutades med en vacker solnedg\u00e5ng.<\/p>\n<p><a href=\"http:\/\/karin.stampis.com\/blog\/wp-content\/uploads\/2009\/04\/solnedgayng-1.jpg\"><img loading=\"lazy\" decoding=\"async\" class=\"aligncenter size-medium wp-image-3065\" title=\"solnedgayng-1\" src=\"http:\/\/karin.stampis.com\/blog\/wp-content\/uploads\/2009\/04\/solnedgayng-1-360x255.jpg\" alt=\"solnedgayng-1\" width=\"360\" height=\"255\" srcset=\"http:\/\/karin.stampis.com\/blog\/wp-content\/uploads\/2009\/04\/solnedgayng-1-360x255.jpg 360w, http:\/\/karin.stampis.com\/blog\/wp-content\/uploads\/2009\/04\/solnedgayng-1.jpg 1000w\" sizes=\"auto, (max-width: 360px) 100vw, 360px\" \/><\/a><\/p>\n<p>Sen gjorde vi ett spontant restaurangbes\u00f6k, mycket gott! Var en mycket trevlig kv\u00e4ll.<\/p>\n<p>Idag ser v\u00e5rv\u00e4dret i Torekov finfint ut, s\u00e5 blir nog en l\u00e5ngrunda \ud83d\ude42 .<\/p>\n","protected":false},"excerpt":{"rendered":"<p>I m\u00e5ndags var det en riktigt h\u00e4rlig v\u00e5rkv\u00e4ll i Malm\u00f6 s\u00e5 vi passade p\u00e5 att g\u00e5 en l\u00e5ngrunda. Det var en h\u00e4rlig promenad och det hade kommit en massa blommor sen sist, f\u00f6retr\u00e4delsevis bl\u00e5a blommor: L\u00e5ngpromenaden avslutades med en vacker &hellip; <a href=\"http:\/\/karin.stampis.com\/blog\/?p=3021\">Continue reading <span class=\"meta-nav\">&rarr;<\/span><\/a><\/p>\n","protected":false},"author":1,"featured_media":0,"comment_status":"open","ping_status":"open","sticky":false,"template":"","format":"standard","meta":{"footnotes":""},"categories":[191,147],"tags":[79,17,180],"class_list":["post-3021","post","type-post","status-publish","format-standard","hentry","category-april-2009","category-fotoblogg","tag-blommor","tag-fotorunda","tag-var"],"_links":{"self":[{"href":"http:\/\/karin.stampis.com\/blog\/index.php?rest_route=\/wp\/v2\/posts\/3021","targetHints":{"allow":["GET"]}}],"collection":[{"href":"http:\/\/karin.stampis.com\/blog\/index.php?rest_route=\/wp\/v2\/posts"}],"about":[{"href":"http:\/\/karin.stampis.com\/blog\/index.php?rest_route=\/wp\/v2\/types\/post"}],"author":[{"embeddable":true,"href":"http:\/\/karin.stampis.com\/blog\/index.php?rest_route=\/wp\/v2\/users\/1"}],"replies":[{"embeddable":true,"href":"http:\/\/karin.stampis.com\/blog\/index.php?rest_route=%2Fwp%2Fv2%2Fcomments&post=3021"}],"version-history":[{"count":15,"href":"http:\/\/karin.stampis.com\/blog\/index.php?rest_route=\/wp\/v2\/posts\/3021\/revisions"}],"predecessor-version":[{"id":3097,"href":"http:\/\/karin.stampis.com\/blog\/index.php?rest_route=\/wp\/v2\/posts\/3021\/revisions\/3097"}],"wp:attachment":[{"href":"http:\/\/karin.stampis.com\/blog\/index.php?rest_route=%2Fwp%2Fv2%2Fmedia&parent=3021"}],"wp:term":[{"taxonomy":"category","embeddable":true,"href":"http:\/\/karin.stampis.com\/blog\/index.php?rest_route=%2Fwp%2Fv2%2Fcategories&post=3021"},{"taxonomy":"post_tag","embeddable":true,"href":"http:\/\/karin.stampis.com\/blog\/index.php?rest_route=%2Fwp%2Fv2%2Ftags&post=3021"}],"curies":[{"name":"wp","href":"https:\/\/api.w.org\/{rel}","templated":true}]}}