{"id":304,"date":"2008-10-31T09:06:00","date_gmt":"2008-10-31T07:06:00","guid":{"rendered":"http:\/\/karin.stampis.com\/blog\/?p=304"},"modified":"2008-10-31T09:13:32","modified_gmt":"2008-10-31T07:13:32","slug":"snart-dags-for-avfard","status":"publish","type":"post","link":"http:\/\/karin.stampis.com\/blog\/?p=304","title":{"rendered":"Snart dags f\u00f6r avf\u00e4rd&#8230;"},"content":{"rendered":"<p>&#8230;och lite resfeber har jag b\u00f6rjat f\u00e5 \u2013 dock inte s\u00e5 vansinnigt mycket \u00e4nd\u00e5. Tror att det beror p\u00e5 att jag inte, som det brukar vara r\u00e4tt s\u00e5 ofta, \u00e5ker sj\u00e4lv eller \u00e4r den som ska organisera resan.<br \/>\nJag ska \u00e5ka till Argentina och samla in prover till mitt projekt (man f\u00e5r ju vara smart och v\u00e4lja projekt med f\u00f6rs\u00f6kspersoner p\u00e5 andra sidan v\u00e4rlden \ud83d\ude09 ). Ska vara borta i 19 dagar, och \u00e4r p\u00e5 resande fot i 3 dagar innan vi kommer till f\u00f6rsta provtagningsst\u00e4llet. Resan \u00e4r l\u00e5\u00e5\u00e5ng, flyger K\u00f6penhamn &#8211;&gt; Paris &#8211;&gt; Buenos Aires (v\u00e4l d\u00e4r byter vi flygplats) &#8211;&gt; Salta\u00a0 &#8211;&gt; bil till byar uppe p\u00e5 Anderna. Ska bli otroligt sp\u00e4nnande och kul att f\u00e5 inblick i sitt projekt p\u00e5 en annan niv\u00e5. Men det kommer att bli mycket jobb, och mycket logistik. Vi ska frakta 3 stora v\u00e4skor med prover, plus v\u00e5ra egna v\u00e4skor, och proverna \u00e4r urin och blodprover, s\u00e5 de beh\u00f6vs frysas ner \u2013 av erfarenhet s\u00e5 vet jag att hitta frysm\u00f6jligheter kan vara ett problem\u2026<br \/>\nLyckligtvis har vi med en som kan flytande spanska, och tv\u00e5 av de som \u00e4r med (fr\u00e5n ett annat lab) har varit d\u00e4r n\u00e5gra g\u00e5nger innan p\u00e5 provtagningsresor.<br \/>\nSka bli v\u00e4ldigt sp\u00e4nnande att se naturen d\u00e4r, med alla h\u00f6ga berg! Byarna ligger p\u00e5 n\u00e4stan 4000 m h\u00f6jd, s\u00e5 ska bli intressant att se hur man klarar av en s\u00e5dan h\u00f6g h\u00f6jd (har \u201dbara\u201d varit uppe p\u00e5 2300m h\u00f6jd som mest). Innan t\u00e4nkte jag f\u00f6rs\u00f6ka f\u00e5 tid att jogga runt \u2013 bra m\u00f6jlighet att h\u00f6gh\u00f6jds-fuska lite &#8211; men vid n\u00e4rmre eftertanke \u00e4r det kanske lite taskigt att uts\u00e4tta de andra f\u00f6r de eventuella problem som kan uppst\u00e5 om de m\u00e5ste dra med mig till sjukhuset f\u00f6r att f\u00e5 syrgas, s\u00e5 n\u00f6jer mig nog med att g\u00e5\u2026Samt jag b\u00f6r v\u00e4l vila mitt onda kn\u00e4 ocks\u00e5.<\/p>\n<p>H\u00e4r ska vi vara:<\/p>\n<p>Buenos Aires<\/p>\n<p><a href=\"http:\/\/karin.stampis.com\/blog\/wp-content\/uploads\/2008\/10\/buenosaires.jpg\"><img loading=\"lazy\" decoding=\"async\" class=\"aligncenter size-medium wp-image-305\" title=\"buenosaires\" src=\"http:\/\/karin.stampis.com\/blog\/wp-content\/uploads\/2008\/10\/buenosaires-300x147.jpg\" alt=\"\" width=\"329\" height=\"161\" srcset=\"http:\/\/karin.stampis.com\/blog\/wp-content\/uploads\/2008\/10\/buenosaires-300x147.jpg 300w, http:\/\/karin.stampis.com\/blog\/wp-content\/uploads\/2008\/10\/buenosaires.jpg 800w\" sizes=\"auto, (max-width: 329px) 100vw, 329px\" \/><\/a><\/p>\n<p>Salta<br \/>\n<a href=\"http:\/\/karin.stampis.com\/blog\/wp-content\/uploads\/2008\/10\/429px-salta-capital-p3130030.jpg\"><img loading=\"lazy\" decoding=\"async\" class=\"aligncenter size-medium wp-image-306\" title=\"429px-salta-capital-p3130030\" src=\"http:\/\/karin.stampis.com\/blog\/wp-content\/uploads\/2008\/10\/429px-salta-capital-p3130030-214x300.jpg\" alt=\"\" width=\"230\" height=\"323\" \/><\/a><br \/>\noch byar uppe p\u00e5 Anderna!<\/p>\n<p><a href=\"http:\/\/karin.stampis.com\/blog\/wp-content\/uploads\/2008\/10\/tolargr.jpg\"><img loading=\"lazy\" decoding=\"async\" class=\"aligncenter size-medium wp-image-307\" title=\"tolargr\" src=\"http:\/\/karin.stampis.com\/blog\/wp-content\/uploads\/2008\/10\/tolargr-300x200.jpg\" alt=\"\" width=\"300\" height=\"200\" srcset=\"http:\/\/karin.stampis.com\/blog\/wp-content\/uploads\/2008\/10\/tolargr-300x200.jpg 300w, http:\/\/karin.stampis.com\/blog\/wp-content\/uploads\/2008\/10\/tolargr.jpg 750w\" sizes=\"auto, (max-width: 300px) 100vw, 300px\" \/><\/a><\/p>\n<p>Jag skriver lite reseblogg om m\u00f6jligheterna finns!<\/p>\n","protected":false},"excerpt":{"rendered":"<p>&#8230;och lite resfeber har jag b\u00f6rjat f\u00e5 \u2013 dock inte s\u00e5 vansinnigt mycket \u00e4nd\u00e5. Tror att det beror p\u00e5 att jag inte, som det brukar vara r\u00e4tt s\u00e5 ofta, \u00e5ker sj\u00e4lv eller \u00e4r den som ska organisera resan. Jag ska &hellip; <a href=\"http:\/\/karin.stampis.com\/blog\/?p=304\">Continue reading <span class=\"meta-nav\">&rarr;<\/span><\/a><\/p>\n","protected":false},"author":1,"featured_media":0,"comment_status":"open","ping_status":"open","sticky":false,"template":"","format":"standard","meta":{"footnotes":""},"categories":[64,5],"tags":[49],"class_list":["post-304","post","type-post","status-publish","format-standard","hentry","category-argentina2008","category-oktober-2008","tag-argentina"],"_links":{"self":[{"href":"http:\/\/karin.stampis.com\/blog\/index.php?rest_route=\/wp\/v2\/posts\/304","targetHints":{"allow":["GET"]}}],"collection":[{"href":"http:\/\/karin.stampis.com\/blog\/index.php?rest_route=\/wp\/v2\/posts"}],"about":[{"href":"http:\/\/karin.stampis.com\/blog\/index.php?rest_route=\/wp\/v2\/types\/post"}],"author":[{"embeddable":true,"href":"http:\/\/karin.stampis.com\/blog\/index.php?rest_route=\/wp\/v2\/users\/1"}],"replies":[{"embeddable":true,"href":"http:\/\/karin.stampis.com\/blog\/index.php?rest_route=%2Fwp%2Fv2%2Fcomments&post=304"}],"version-history":[{"count":6,"href":"http:\/\/karin.stampis.com\/blog\/index.php?rest_route=\/wp\/v2\/posts\/304\/revisions"}],"predecessor-version":[{"id":313,"href":"http:\/\/karin.stampis.com\/blog\/index.php?rest_route=\/wp\/v2\/posts\/304\/revisions\/313"}],"wp:attachment":[{"href":"http:\/\/karin.stampis.com\/blog\/index.php?rest_route=%2Fwp%2Fv2%2Fmedia&parent=304"}],"wp:term":[{"taxonomy":"category","embeddable":true,"href":"http:\/\/karin.stampis.com\/blog\/index.php?rest_route=%2Fwp%2Fv2%2Fcategories&post=304"},{"taxonomy":"post_tag","embeddable":true,"href":"http:\/\/karin.stampis.com\/blog\/index.php?rest_route=%2Fwp%2Fv2%2Ftags&post=304"}],"curies":[{"name":"wp","href":"https:\/\/api.w.org\/{rel}","templated":true}]}}