{"id":30411,"date":"2023-06-18T06:43:09","date_gmt":"2023-06-18T05:43:09","guid":{"rendered":"http:\/\/karin.stampis.com\/blog\/?p=30411"},"modified":"2023-06-18T06:43:57","modified_gmt":"2023-06-18T05:43:57","slug":"kalvinknatet-4","status":"publish","type":"post","link":"http:\/\/karin.stampis.com\/blog\/?p=30411","title":{"rendered":"Kalvinknatet"},"content":{"rendered":"\n<p>Alfred och Viktor sprang Kalvinknatet i Staffanstorp. Kalvinknatet \u00e4r ett roligt event att vara p\u00e5, men denna g\u00e5ngen blir Alfreds sista &#8211; sen \u00e4r han f\u00f6r gammal.<\/p>\n\n\n\n<figure class=\"wp-block-image size-large\"><img loading=\"lazy\" decoding=\"async\" width=\"1024\" height=\"768\" src=\"http:\/\/karin.stampis.com\/blog\/wp-content\/uploads\/2023\/06\/20230531_180240-1024x768.jpg\" alt=\"\" class=\"wp-image-30415\" srcset=\"http:\/\/karin.stampis.com\/blog\/wp-content\/uploads\/2023\/06\/20230531_180240-1024x768.jpg 1024w, http:\/\/karin.stampis.com\/blog\/wp-content\/uploads\/2023\/06\/20230531_180240-360x270.jpg 360w, http:\/\/karin.stampis.com\/blog\/wp-content\/uploads\/2023\/06\/20230531_180240-768x576.jpg 768w, http:\/\/karin.stampis.com\/blog\/wp-content\/uploads\/2023\/06\/20230531_180240-1536x1152.jpg 1536w, http:\/\/karin.stampis.com\/blog\/wp-content\/uploads\/2023\/06\/20230531_180240.jpg 2000w\" sizes=\"auto, (max-width: 1024px) 100vw, 1024px\" \/><\/figure>\n\n\n\n<p>H\u00e4r springer Viktor! Han gjorde ett bra lopp. Han kom n\u00e5gonstans strax innan mitten av stratf\u00e4ltet tror jag. Det var massor med barn i hans \u00e5ldersklass. Jag f\u00f6rs\u00f6kte ta ett foto av honom i starten, men det var s\u00e5 m\u00e5nga att jag inte hittade honom :p .<\/p>\n\n\n\n<figure class=\"wp-block-image size-large\"><img loading=\"lazy\" decoding=\"async\" width=\"1024\" height=\"768\" src=\"http:\/\/karin.stampis.com\/blog\/wp-content\/uploads\/2023\/06\/20230531_180241-1024x768.jpg\" alt=\"\" class=\"wp-image-30412\" srcset=\"http:\/\/karin.stampis.com\/blog\/wp-content\/uploads\/2023\/06\/20230531_180241-1024x768.jpg 1024w, http:\/\/karin.stampis.com\/blog\/wp-content\/uploads\/2023\/06\/20230531_180241-360x270.jpg 360w, http:\/\/karin.stampis.com\/blog\/wp-content\/uploads\/2023\/06\/20230531_180241-768x576.jpg 768w, http:\/\/karin.stampis.com\/blog\/wp-content\/uploads\/2023\/06\/20230531_180241-1536x1152.jpg 1536w, http:\/\/karin.stampis.com\/blog\/wp-content\/uploads\/2023\/06\/20230531_180241.jpg 2000w\" sizes=\"auto, (max-width: 1024px) 100vw, 1024px\" \/><\/figure>\n\n\n\n<figure class=\"wp-block-image size-large\"><img loading=\"lazy\" decoding=\"async\" width=\"1024\" height=\"768\" src=\"http:\/\/karin.stampis.com\/blog\/wp-content\/uploads\/2023\/06\/20230531_184734-1024x768.jpg\" alt=\"\" class=\"wp-image-30413\" srcset=\"http:\/\/karin.stampis.com\/blog\/wp-content\/uploads\/2023\/06\/20230531_184734-1024x768.jpg 1024w, http:\/\/karin.stampis.com\/blog\/wp-content\/uploads\/2023\/06\/20230531_184734-360x270.jpg 360w, http:\/\/karin.stampis.com\/blog\/wp-content\/uploads\/2023\/06\/20230531_184734-768x576.jpg 768w, http:\/\/karin.stampis.com\/blog\/wp-content\/uploads\/2023\/06\/20230531_184734-1536x1152.jpg 1536w, http:\/\/karin.stampis.com\/blog\/wp-content\/uploads\/2023\/06\/20230531_184734.jpg 2000w\" sizes=\"auto, (max-width: 1024px) 100vw, 1024px\" \/><\/figure>\n\n\n\n<p>Mitt emellan Viktors och Alfreds lopp s\u00e5 var det dags f\u00f6r hoppborg. Alfred fick lite br\u00e5ttom till starten sen!<\/p>\n\n\n\n<figure class=\"wp-block-image size-large is-resized\"><img loading=\"lazy\" decoding=\"async\" src=\"http:\/\/karin.stampis.com\/blog\/wp-content\/uploads\/2023\/06\/20230531_185901-1024x768.jpg\" alt=\"\" class=\"wp-image-30417\" width=\"670\" height=\"502\" srcset=\"http:\/\/karin.stampis.com\/blog\/wp-content\/uploads\/2023\/06\/20230531_185901-1024x768.jpg 1024w, http:\/\/karin.stampis.com\/blog\/wp-content\/uploads\/2023\/06\/20230531_185901-360x270.jpg 360w, http:\/\/karin.stampis.com\/blog\/wp-content\/uploads\/2023\/06\/20230531_185901-768x576.jpg 768w, http:\/\/karin.stampis.com\/blog\/wp-content\/uploads\/2023\/06\/20230531_185901-1536x1152.jpg 1536w, http:\/\/karin.stampis.com\/blog\/wp-content\/uploads\/2023\/06\/20230531_185901.jpg 2000w\" sizes=\"auto, (max-width: 670px) 100vw, 670px\" \/><\/figure>\n\n\n\n<p>Alfred p\u00e5 spr\u00e5ng!<\/p>\n\n\n\n<figure class=\"wp-block-image size-large\"><img loading=\"lazy\" decoding=\"async\" width=\"1024\" height=\"768\" src=\"http:\/\/karin.stampis.com\/blog\/wp-content\/uploads\/2023\/06\/20230531_190327-1024x768.jpg\" alt=\"\" class=\"wp-image-30416\" srcset=\"http:\/\/karin.stampis.com\/blog\/wp-content\/uploads\/2023\/06\/20230531_190327-1024x768.jpg 1024w, http:\/\/karin.stampis.com\/blog\/wp-content\/uploads\/2023\/06\/20230531_190327-360x270.jpg 360w, http:\/\/karin.stampis.com\/blog\/wp-content\/uploads\/2023\/06\/20230531_190327-768x576.jpg 768w, http:\/\/karin.stampis.com\/blog\/wp-content\/uploads\/2023\/06\/20230531_190327-1536x1152.jpg 1536w, http:\/\/karin.stampis.com\/blog\/wp-content\/uploads\/2023\/06\/20230531_190327.jpg 2000w\" sizes=\"auto, (max-width: 1024px) 100vw, 1024px\" \/><\/figure>\n\n\n\n<p>Jag tror att det var ca 40 st i ALfreds \u00e5ldersklass, och han kom 4a \ud83d\ude00 !<\/p>\n\n\n\n<figure class=\"wp-block-image size-large\"><img loading=\"lazy\" decoding=\"async\" width=\"1024\" height=\"768\" src=\"http:\/\/karin.stampis.com\/blog\/wp-content\/uploads\/2023\/06\/20230531_190328-1024x768.jpg\" alt=\"\" class=\"wp-image-30414\" srcset=\"http:\/\/karin.stampis.com\/blog\/wp-content\/uploads\/2023\/06\/20230531_190328-1024x768.jpg 1024w, http:\/\/karin.stampis.com\/blog\/wp-content\/uploads\/2023\/06\/20230531_190328-360x270.jpg 360w, http:\/\/karin.stampis.com\/blog\/wp-content\/uploads\/2023\/06\/20230531_190328-768x576.jpg 768w, http:\/\/karin.stampis.com\/blog\/wp-content\/uploads\/2023\/06\/20230531_190328-1536x1152.jpg 1536w, http:\/\/karin.stampis.com\/blog\/wp-content\/uploads\/2023\/06\/20230531_190328.jpg 2000w\" sizes=\"auto, (max-width: 1024px) 100vw, 1024px\" \/><\/figure>\n\n\n\n<p>P\u00e5 spr\u00e5ng mot m\u00e5let.<\/p>\n","protected":false},"excerpt":{"rendered":"<p>Alfred och Viktor sprang Kalvinknatet i Staffanstorp. Kalvinknatet \u00e4r ett roligt event att vara p\u00e5, men denna g\u00e5ngen blir Alfreds sista &#8211; sen \u00e4r han f\u00f6r gammal. H\u00e4r springer Viktor! Han gjorde ett bra lopp. Han kom n\u00e5gonstans strax innan &hellip; <a href=\"http:\/\/karin.stampis.com\/blog\/?p=30411\">Continue reading <span class=\"meta-nav\">&rarr;<\/span><\/a><\/p>\n","protected":false},"author":1,"featured_media":0,"comment_status":"open","ping_status":"open","sticky":false,"template":"","format":"standard","meta":{"footnotes":""},"categories":[1],"tags":[],"class_list":["post-30411","post","type-post","status-publish","format-standard","hentry","category-uncategorized"],"_links":{"self":[{"href":"http:\/\/karin.stampis.com\/blog\/index.php?rest_route=\/wp\/v2\/posts\/30411","targetHints":{"allow":["GET"]}}],"collection":[{"href":"http:\/\/karin.stampis.com\/blog\/index.php?rest_route=\/wp\/v2\/posts"}],"about":[{"href":"http:\/\/karin.stampis.com\/blog\/index.php?rest_route=\/wp\/v2\/types\/post"}],"author":[{"embeddable":true,"href":"http:\/\/karin.stampis.com\/blog\/index.php?rest_route=\/wp\/v2\/users\/1"}],"replies":[{"embeddable":true,"href":"http:\/\/karin.stampis.com\/blog\/index.php?rest_route=%2Fwp%2Fv2%2Fcomments&post=30411"}],"version-history":[{"count":2,"href":"http:\/\/karin.stampis.com\/blog\/index.php?rest_route=\/wp\/v2\/posts\/30411\/revisions"}],"predecessor-version":[{"id":30419,"href":"http:\/\/karin.stampis.com\/blog\/index.php?rest_route=\/wp\/v2\/posts\/30411\/revisions\/30419"}],"wp:attachment":[{"href":"http:\/\/karin.stampis.com\/blog\/index.php?rest_route=%2Fwp%2Fv2%2Fmedia&parent=30411"}],"wp:term":[{"taxonomy":"category","embeddable":true,"href":"http:\/\/karin.stampis.com\/blog\/index.php?rest_route=%2Fwp%2Fv2%2Fcategories&post=30411"},{"taxonomy":"post_tag","embeddable":true,"href":"http:\/\/karin.stampis.com\/blog\/index.php?rest_route=%2Fwp%2Fv2%2Ftags&post=30411"}],"curies":[{"name":"wp","href":"https:\/\/api.w.org\/{rel}","templated":true}]}}