{"id":30425,"date":"2023-06-21T06:57:00","date_gmt":"2023-06-21T05:57:00","guid":{"rendered":"http:\/\/karin.stampis.com\/blog\/?p=30425"},"modified":"2023-06-18T06:57:42","modified_gmt":"2023-06-18T05:57:42","slug":"rovarekulan-2","status":"publish","type":"post","link":"http:\/\/karin.stampis.com\/blog\/?p=30425","title":{"rendered":"R\u00f6varekulan"},"content":{"rendered":"\n<p>Vi var p\u00e5 en v\u00e5rutflykt i R\u00f6varekulan. Tidigare har vi bara varit d\u00e4r p\u00e5 vintern, och det var lite <a href=\"http:\/\/karin.stampis.com\/blog\/?p=27671\">finare<\/a> (och mindre lerigt) nu.<\/p>\n\n\n\n<figure class=\"wp-block-image size-large\"><img loading=\"lazy\" decoding=\"async\" width=\"768\" height=\"1024\" src=\"http:\/\/karin.stampis.com\/blog\/wp-content\/uploads\/2023\/06\/20230518_123507-768x1024.jpg\" alt=\"\" class=\"wp-image-30429\" srcset=\"http:\/\/karin.stampis.com\/blog\/wp-content\/uploads\/2023\/06\/20230518_123507-768x1024.jpg 768w, http:\/\/karin.stampis.com\/blog\/wp-content\/uploads\/2023\/06\/20230518_123507-270x360.jpg 270w, http:\/\/karin.stampis.com\/blog\/wp-content\/uploads\/2023\/06\/20230518_123507-1152x1536.jpg 1152w, http:\/\/karin.stampis.com\/blog\/wp-content\/uploads\/2023\/06\/20230518_123507.jpg 1500w\" sizes=\"auto, (max-width: 768px) 100vw, 768px\" \/><\/figure>\n\n\n\n<p>Det fanns massiva m\u00e4ngder ramsl\u00f6k, s\u00e5 jag tog med lite hem och gjorde ramsl\u00f6kspesto.<\/p>\n\n\n\n<figure class=\"wp-block-image size-large\"><img loading=\"lazy\" decoding=\"async\" width=\"1024\" height=\"768\" src=\"http:\/\/karin.stampis.com\/blog\/wp-content\/uploads\/2023\/06\/20230518_124043-1024x768.jpg\" alt=\"\" class=\"wp-image-30428\" srcset=\"http:\/\/karin.stampis.com\/blog\/wp-content\/uploads\/2023\/06\/20230518_124043-1024x768.jpg 1024w, http:\/\/karin.stampis.com\/blog\/wp-content\/uploads\/2023\/06\/20230518_124043-360x270.jpg 360w, http:\/\/karin.stampis.com\/blog\/wp-content\/uploads\/2023\/06\/20230518_124043-768x576.jpg 768w, http:\/\/karin.stampis.com\/blog\/wp-content\/uploads\/2023\/06\/20230518_124043-1536x1152.jpg 1536w, http:\/\/karin.stampis.com\/blog\/wp-content\/uploads\/2023\/06\/20230518_124043.jpg 2000w\" sizes=\"auto, (max-width: 1024px) 100vw, 1024px\" \/><\/figure>\n\n\n\n<figure class=\"wp-block-image size-large\"><img loading=\"lazy\" decoding=\"async\" width=\"1024\" height=\"768\" src=\"http:\/\/karin.stampis.com\/blog\/wp-content\/uploads\/2023\/06\/20230518_124047-1024x768.jpg\" alt=\"\" class=\"wp-image-30426\" srcset=\"http:\/\/karin.stampis.com\/blog\/wp-content\/uploads\/2023\/06\/20230518_124047-1024x768.jpg 1024w, http:\/\/karin.stampis.com\/blog\/wp-content\/uploads\/2023\/06\/20230518_124047-360x270.jpg 360w, http:\/\/karin.stampis.com\/blog\/wp-content\/uploads\/2023\/06\/20230518_124047-768x576.jpg 768w, http:\/\/karin.stampis.com\/blog\/wp-content\/uploads\/2023\/06\/20230518_124047-1536x1152.jpg 1536w, http:\/\/karin.stampis.com\/blog\/wp-content\/uploads\/2023\/06\/20230518_124047.jpg 2000w\" sizes=\"auto, (max-width: 1024px) 100vw, 1024px\" \/><\/figure>\n\n\n\n<p>Killarna kastade mycket macka.<\/p>\n\n\n\n<figure class=\"wp-block-image size-large\"><img loading=\"lazy\" decoding=\"async\" width=\"768\" height=\"1024\" src=\"http:\/\/karin.stampis.com\/blog\/wp-content\/uploads\/2023\/06\/20230518_124825-768x1024.jpg\" alt=\"\" class=\"wp-image-30430\" srcset=\"http:\/\/karin.stampis.com\/blog\/wp-content\/uploads\/2023\/06\/20230518_124825-768x1024.jpg 768w, http:\/\/karin.stampis.com\/blog\/wp-content\/uploads\/2023\/06\/20230518_124825-270x360.jpg 270w, http:\/\/karin.stampis.com\/blog\/wp-content\/uploads\/2023\/06\/20230518_124825-1152x1536.jpg 1152w, http:\/\/karin.stampis.com\/blog\/wp-content\/uploads\/2023\/06\/20230518_124825.jpg 1500w\" sizes=\"auto, (max-width: 768px) 100vw, 768px\" \/><\/figure>\n\n\n\n<p>Pausar efter att ha g\u00e5tt upp p\u00e5 en h\u00f6jd.<\/p>\n\n\n\n<p>Sen satt vi i solen och \u00e5t pastasallad. Minnet d\u00e4rifr\u00e5n var att en groda gick runt p\u00e5 mig.<\/p>\n","protected":false},"excerpt":{"rendered":"<p>Vi var p\u00e5 en v\u00e5rutflykt i R\u00f6varekulan. Tidigare har vi bara varit d\u00e4r p\u00e5 vintern, och det var lite finare (och mindre lerigt) nu. Det fanns massiva m\u00e4ngder ramsl\u00f6k, s\u00e5 jag tog med lite hem och gjorde ramsl\u00f6kspesto. Killarna kastade &hellip; <a href=\"http:\/\/karin.stampis.com\/blog\/?p=30425\">Continue reading <span class=\"meta-nav\">&rarr;<\/span><\/a><\/p>\n","protected":false},"author":1,"featured_media":0,"comment_status":"open","ping_status":"open","sticky":false,"template":"","format":"standard","meta":{"footnotes":""},"categories":[1],"tags":[],"class_list":["post-30425","post","type-post","status-publish","format-standard","hentry","category-uncategorized"],"_links":{"self":[{"href":"http:\/\/karin.stampis.com\/blog\/index.php?rest_route=\/wp\/v2\/posts\/30425","targetHints":{"allow":["GET"]}}],"collection":[{"href":"http:\/\/karin.stampis.com\/blog\/index.php?rest_route=\/wp\/v2\/posts"}],"about":[{"href":"http:\/\/karin.stampis.com\/blog\/index.php?rest_route=\/wp\/v2\/types\/post"}],"author":[{"embeddable":true,"href":"http:\/\/karin.stampis.com\/blog\/index.php?rest_route=\/wp\/v2\/users\/1"}],"replies":[{"embeddable":true,"href":"http:\/\/karin.stampis.com\/blog\/index.php?rest_route=%2Fwp%2Fv2%2Fcomments&post=30425"}],"version-history":[{"count":1,"href":"http:\/\/karin.stampis.com\/blog\/index.php?rest_route=\/wp\/v2\/posts\/30425\/revisions"}],"predecessor-version":[{"id":30431,"href":"http:\/\/karin.stampis.com\/blog\/index.php?rest_route=\/wp\/v2\/posts\/30425\/revisions\/30431"}],"wp:attachment":[{"href":"http:\/\/karin.stampis.com\/blog\/index.php?rest_route=%2Fwp%2Fv2%2Fmedia&parent=30425"}],"wp:term":[{"taxonomy":"category","embeddable":true,"href":"http:\/\/karin.stampis.com\/blog\/index.php?rest_route=%2Fwp%2Fv2%2Fcategories&post=30425"},{"taxonomy":"post_tag","embeddable":true,"href":"http:\/\/karin.stampis.com\/blog\/index.php?rest_route=%2Fwp%2Fv2%2Ftags&post=30425"}],"curies":[{"name":"wp","href":"https:\/\/api.w.org\/{rel}","templated":true}]}}