{"id":30432,"date":"2023-06-23T08:21:00","date_gmt":"2023-06-23T07:21:00","guid":{"rendered":"http:\/\/karin.stampis.com\/blog\/?p=30432"},"modified":"2023-06-21T12:21:22","modified_gmt":"2023-06-21T11:21:22","slug":"lokal-cykelutflykt-med-viktor","status":"publish","type":"post","link":"http:\/\/karin.stampis.com\/blog\/?p=30432","title":{"rendered":"Lokal cykelutflykt med Viktor"},"content":{"rendered":"\n<p>En solig eftermiddag p\u00e5 f\u00f6rsommaren s\u00e5 gav sig Viktor och jag iv\u00e4g p\u00e5 en liten cykelutflykt.<\/p>\n\n\n\n<figure class=\"wp-block-image size-large\"><img loading=\"lazy\" decoding=\"async\" width=\"1024\" height=\"768\" src=\"http:\/\/karin.stampis.com\/blog\/wp-content\/uploads\/2023\/06\/20230522_161136-1024x768.jpg\" alt=\"\" class=\"wp-image-30435\" srcset=\"http:\/\/karin.stampis.com\/blog\/wp-content\/uploads\/2023\/06\/20230522_161136-1024x768.jpg 1024w, http:\/\/karin.stampis.com\/blog\/wp-content\/uploads\/2023\/06\/20230522_161136-360x270.jpg 360w, http:\/\/karin.stampis.com\/blog\/wp-content\/uploads\/2023\/06\/20230522_161136-768x576.jpg 768w, http:\/\/karin.stampis.com\/blog\/wp-content\/uploads\/2023\/06\/20230522_161136-1536x1152.jpg 1536w, http:\/\/karin.stampis.com\/blog\/wp-content\/uploads\/2023\/06\/20230522_161136.jpg 2000w\" sizes=\"auto, (max-width: 1024px) 100vw, 1024px\" \/><\/figure>\n\n\n\n<p>Tegelbruksparken \u00e4r alltid popul\u00e4r. Armg\u00e5ngen g\u00e5r i ett huj \ud83d\ude42 !<\/p>\n\n\n\n<figure class=\"wp-block-image size-large\"><img loading=\"lazy\" decoding=\"async\" width=\"1024\" height=\"768\" src=\"http:\/\/karin.stampis.com\/blog\/wp-content\/uploads\/2023\/06\/20230522_170653-1024x768.jpg\" alt=\"\" class=\"wp-image-30433\" srcset=\"http:\/\/karin.stampis.com\/blog\/wp-content\/uploads\/2023\/06\/20230522_170653-1024x768.jpg 1024w, http:\/\/karin.stampis.com\/blog\/wp-content\/uploads\/2023\/06\/20230522_170653-360x270.jpg 360w, http:\/\/karin.stampis.com\/blog\/wp-content\/uploads\/2023\/06\/20230522_170653-768x576.jpg 768w, http:\/\/karin.stampis.com\/blog\/wp-content\/uploads\/2023\/06\/20230522_170653-1536x1152.jpg 1536w, http:\/\/karin.stampis.com\/blog\/wp-content\/uploads\/2023\/06\/20230522_170653.jpg 2000w\" sizes=\"auto, (max-width: 1024px) 100vw, 1024px\" \/><\/figure>\n\n\n\n<p>Fika med mormor-kakor.<\/p>\n\n\n\n<figure class=\"wp-block-image size-large\"><img loading=\"lazy\" decoding=\"async\" width=\"768\" height=\"1024\" src=\"http:\/\/karin.stampis.com\/blog\/wp-content\/uploads\/2023\/06\/20230522_171217-768x1024.jpg\" alt=\"\" class=\"wp-image-30436\" srcset=\"http:\/\/karin.stampis.com\/blog\/wp-content\/uploads\/2023\/06\/20230522_171217-768x1024.jpg 768w, http:\/\/karin.stampis.com\/blog\/wp-content\/uploads\/2023\/06\/20230522_171217-270x360.jpg 270w, http:\/\/karin.stampis.com\/blog\/wp-content\/uploads\/2023\/06\/20230522_171217-1152x1536.jpg 1152w, http:\/\/karin.stampis.com\/blog\/wp-content\/uploads\/2023\/06\/20230522_171217.jpg 1500w\" sizes=\"auto, (max-width: 768px) 100vw, 768px\" \/><\/figure>\n\n\n\n<p>Viktor tog med sitt mikroskop och tittade p\u00e5 saker p\u00e5 \u00e4ngen.<\/p>\n\n\n\n<figure class=\"wp-block-image size-large\"><img loading=\"lazy\" decoding=\"async\" width=\"1024\" height=\"768\" src=\"http:\/\/karin.stampis.com\/blog\/wp-content\/uploads\/2023\/06\/20230522_173107-1024x768.jpg\" alt=\"\" class=\"wp-image-30437\" srcset=\"http:\/\/karin.stampis.com\/blog\/wp-content\/uploads\/2023\/06\/20230522_173107-1024x768.jpg 1024w, http:\/\/karin.stampis.com\/blog\/wp-content\/uploads\/2023\/06\/20230522_173107-360x270.jpg 360w, http:\/\/karin.stampis.com\/blog\/wp-content\/uploads\/2023\/06\/20230522_173107-768x576.jpg 768w, http:\/\/karin.stampis.com\/blog\/wp-content\/uploads\/2023\/06\/20230522_173107-1536x1152.jpg 1536w, http:\/\/karin.stampis.com\/blog\/wp-content\/uploads\/2023\/06\/20230522_173107.jpg 2000w\" sizes=\"auto, (max-width: 1024px) 100vw, 1024px\" \/><\/figure>\n\n\n\n<p>Vi cyklade till denna lekplats. Viktor kom ih\u00e5g att detta var den f\u00f6rsta lekplatsen han cyklade till \ud83d\ude42 .<\/p>\n\n\n\n<figure class=\"wp-block-image size-large\"><img loading=\"lazy\" decoding=\"async\" width=\"1024\" height=\"768\" src=\"http:\/\/karin.stampis.com\/blog\/wp-content\/uploads\/2023\/06\/20230522_174957-1024x768.jpg\" alt=\"\" class=\"wp-image-30434\" srcset=\"http:\/\/karin.stampis.com\/blog\/wp-content\/uploads\/2023\/06\/20230522_174957-1024x768.jpg 1024w, http:\/\/karin.stampis.com\/blog\/wp-content\/uploads\/2023\/06\/20230522_174957-360x270.jpg 360w, http:\/\/karin.stampis.com\/blog\/wp-content\/uploads\/2023\/06\/20230522_174957-768x576.jpg 768w, http:\/\/karin.stampis.com\/blog\/wp-content\/uploads\/2023\/06\/20230522_174957-1536x1152.jpg 1536w, http:\/\/karin.stampis.com\/blog\/wp-content\/uploads\/2023\/06\/20230522_174957.jpg 2000w\" sizes=\"auto, (max-width: 1024px) 100vw, 1024px\" \/><\/figure>\n\n\n\n<p>Sen hade vi lite fika igen p\u00e5 tr\u00e4d\u00e4cket \ud83d\ude42 .<\/p>\n","protected":false},"excerpt":{"rendered":"<p>En solig eftermiddag p\u00e5 f\u00f6rsommaren s\u00e5 gav sig Viktor och jag iv\u00e4g p\u00e5 en liten cykelutflykt. Tegelbruksparken \u00e4r alltid popul\u00e4r. Armg\u00e5ngen g\u00e5r i ett huj \ud83d\ude42 ! Fika med mormor-kakor. Viktor tog med sitt mikroskop och tittade p\u00e5 saker p\u00e5 &hellip; <a href=\"http:\/\/karin.stampis.com\/blog\/?p=30432\">Continue reading <span class=\"meta-nav\">&rarr;<\/span><\/a><\/p>\n","protected":false},"author":1,"featured_media":0,"comment_status":"open","ping_status":"open","sticky":false,"template":"","format":"standard","meta":{"footnotes":""},"categories":[1],"tags":[],"class_list":["post-30432","post","type-post","status-publish","format-standard","hentry","category-uncategorized"],"_links":{"self":[{"href":"http:\/\/karin.stampis.com\/blog\/index.php?rest_route=\/wp\/v2\/posts\/30432","targetHints":{"allow":["GET"]}}],"collection":[{"href":"http:\/\/karin.stampis.com\/blog\/index.php?rest_route=\/wp\/v2\/posts"}],"about":[{"href":"http:\/\/karin.stampis.com\/blog\/index.php?rest_route=\/wp\/v2\/types\/post"}],"author":[{"embeddable":true,"href":"http:\/\/karin.stampis.com\/blog\/index.php?rest_route=\/wp\/v2\/users\/1"}],"replies":[{"embeddable":true,"href":"http:\/\/karin.stampis.com\/blog\/index.php?rest_route=%2Fwp%2Fv2%2Fcomments&post=30432"}],"version-history":[{"count":2,"href":"http:\/\/karin.stampis.com\/blog\/index.php?rest_route=\/wp\/v2\/posts\/30432\/revisions"}],"predecessor-version":[{"id":30457,"href":"http:\/\/karin.stampis.com\/blog\/index.php?rest_route=\/wp\/v2\/posts\/30432\/revisions\/30457"}],"wp:attachment":[{"href":"http:\/\/karin.stampis.com\/blog\/index.php?rest_route=%2Fwp%2Fv2%2Fmedia&parent=30432"}],"wp:term":[{"taxonomy":"category","embeddable":true,"href":"http:\/\/karin.stampis.com\/blog\/index.php?rest_route=%2Fwp%2Fv2%2Fcategories&post=30432"},{"taxonomy":"post_tag","embeddable":true,"href":"http:\/\/karin.stampis.com\/blog\/index.php?rest_route=%2Fwp%2Fv2%2Ftags&post=30432"}],"curies":[{"name":"wp","href":"https:\/\/api.w.org\/{rel}","templated":true}]}}