{"id":30500,"date":"2023-07-24T14:36:55","date_gmt":"2023-07-24T13:36:55","guid":{"rendered":"http:\/\/karin.stampis.com\/blog\/?p=30500"},"modified":"2023-07-24T18:25:10","modified_gmt":"2023-07-24T17:25:10","slug":"semester-10","status":"publish","type":"post","link":"http:\/\/karin.stampis.com\/blog\/?p=30500","title":{"rendered":"Semestertur norrut!"},"content":{"rendered":"\n<p>Nu har vi haft semester ett tag. V\u00e4dret v\u00e4nde lagom tills vi gick p\u00e5 ledighet, och det torra soliga regnet byttes mote regn och kyla. N\u00e5gra dagar in p\u00e5 semestern, i b\u00f6rjan av Juli, \u00e5kte vi norrut. Se p\u00e5 temperaturen p\u00e5 f\u00e4rdm\u00e4taren! <\/p>\n\n\n\n<figure class=\"wp-block-image size-large\"><img loading=\"lazy\" decoding=\"async\" width=\"1024\" height=\"768\" src=\"http:\/\/karin.stampis.com\/blog\/wp-content\/uploads\/2023\/07\/20230704_140857-1024x768.jpg\" alt=\"\" class=\"wp-image-30501\" srcset=\"http:\/\/karin.stampis.com\/blog\/wp-content\/uploads\/2023\/07\/20230704_140857-1024x768.jpg 1024w, http:\/\/karin.stampis.com\/blog\/wp-content\/uploads\/2023\/07\/20230704_140857-360x270.jpg 360w, http:\/\/karin.stampis.com\/blog\/wp-content\/uploads\/2023\/07\/20230704_140857-768x576.jpg 768w, http:\/\/karin.stampis.com\/blog\/wp-content\/uploads\/2023\/07\/20230704_140857-1536x1152.jpg 1536w, http:\/\/karin.stampis.com\/blog\/wp-content\/uploads\/2023\/07\/20230704_140857.jpg 2000w\" sizes=\"auto, (max-width: 1024px) 100vw, 1024px\" \/><\/figure>\n\n\n\n<figure class=\"wp-block-image size-large\"><img loading=\"lazy\" decoding=\"async\" width=\"1024\" height=\"768\" src=\"http:\/\/karin.stampis.com\/blog\/wp-content\/uploads\/2023\/07\/20230704_174117-1024x768.jpg\" alt=\"\" class=\"wp-image-30502\" srcset=\"http:\/\/karin.stampis.com\/blog\/wp-content\/uploads\/2023\/07\/20230704_174117-1024x768.jpg 1024w, http:\/\/karin.stampis.com\/blog\/wp-content\/uploads\/2023\/07\/20230704_174117-360x270.jpg 360w, http:\/\/karin.stampis.com\/blog\/wp-content\/uploads\/2023\/07\/20230704_174117-768x576.jpg 768w, http:\/\/karin.stampis.com\/blog\/wp-content\/uploads\/2023\/07\/20230704_174117-1536x1152.jpg 1536w, http:\/\/karin.stampis.com\/blog\/wp-content\/uploads\/2023\/07\/20230704_174117.jpg 2000w\" sizes=\"auto, (max-width: 1024px) 100vw, 1024px\" \/><\/figure>\n","protected":false},"excerpt":{"rendered":"<p>Nu har vi haft semester ett tag. V\u00e4dret v\u00e4nde lagom tills vi gick p\u00e5 ledighet, och det torra soliga regnet byttes mote regn och kyla. N\u00e5gra dagar in p\u00e5 semestern, i b\u00f6rjan av Juli, \u00e5kte vi norrut. Se p\u00e5 temperaturen &hellip; <a href=\"http:\/\/karin.stampis.com\/blog\/?p=30500\">Continue reading <span class=\"meta-nav\">&rarr;<\/span><\/a><\/p>\n","protected":false},"author":1,"featured_media":0,"comment_status":"open","ping_status":"open","sticky":false,"template":"","format":"standard","meta":{"footnotes":""},"categories":[519,526,528,527],"tags":[],"class_list":["post-30500","post","type-post","status-publish","format-standard","hentry","category-519","category-juli-2023","category-skara-och-sundsvall-2023","category-skara-och-sunsdavall-2023"],"_links":{"self":[{"href":"http:\/\/karin.stampis.com\/blog\/index.php?rest_route=\/wp\/v2\/posts\/30500","targetHints":{"allow":["GET"]}}],"collection":[{"href":"http:\/\/karin.stampis.com\/blog\/index.php?rest_route=\/wp\/v2\/posts"}],"about":[{"href":"http:\/\/karin.stampis.com\/blog\/index.php?rest_route=\/wp\/v2\/types\/post"}],"author":[{"embeddable":true,"href":"http:\/\/karin.stampis.com\/blog\/index.php?rest_route=\/wp\/v2\/users\/1"}],"replies":[{"embeddable":true,"href":"http:\/\/karin.stampis.com\/blog\/index.php?rest_route=%2Fwp%2Fv2%2Fcomments&post=30500"}],"version-history":[{"count":2,"href":"http:\/\/karin.stampis.com\/blog\/index.php?rest_route=\/wp\/v2\/posts\/30500\/revisions"}],"predecessor-version":[{"id":30542,"href":"http:\/\/karin.stampis.com\/blog\/index.php?rest_route=\/wp\/v2\/posts\/30500\/revisions\/30542"}],"wp:attachment":[{"href":"http:\/\/karin.stampis.com\/blog\/index.php?rest_route=%2Fwp%2Fv2%2Fmedia&parent=30500"}],"wp:term":[{"taxonomy":"category","embeddable":true,"href":"http:\/\/karin.stampis.com\/blog\/index.php?rest_route=%2Fwp%2Fv2%2Fcategories&post=30500"},{"taxonomy":"post_tag","embeddable":true,"href":"http:\/\/karin.stampis.com\/blog\/index.php?rest_route=%2Fwp%2Fv2%2Ftags&post=30500"}],"curies":[{"name":"wp","href":"https:\/\/api.w.org\/{rel}","templated":true}]}}