{"id":30585,"date":"2023-08-05T07:25:00","date_gmt":"2023-08-05T06:25:00","guid":{"rendered":"http:\/\/karin.stampis.com\/blog\/?p=30585"},"modified":"2023-07-25T12:25:42","modified_gmt":"2023-07-25T11:25:42","slug":"lite-smatt-och-gott-fran-sundsvallsturen","status":"publish","type":"post","link":"http:\/\/karin.stampis.com\/blog\/?p=30585","title":{"rendered":"Lite sm\u00e5tt och gott fr\u00e5n Sundsvallsturen"},"content":{"rendered":"\n<p><\/p>\n\n\n\n<figure class=\"wp-block-image size-large\"><img loading=\"lazy\" decoding=\"async\" width=\"1024\" height=\"768\" src=\"http:\/\/karin.stampis.com\/blog\/wp-content\/uploads\/2023\/07\/20230708_173010-1024x768.jpg\" alt=\"\" class=\"wp-image-30586\" srcset=\"http:\/\/karin.stampis.com\/blog\/wp-content\/uploads\/2023\/07\/20230708_173010-1024x768.jpg 1024w, http:\/\/karin.stampis.com\/blog\/wp-content\/uploads\/2023\/07\/20230708_173010-360x270.jpg 360w, http:\/\/karin.stampis.com\/blog\/wp-content\/uploads\/2023\/07\/20230708_173010-768x576.jpg 768w, http:\/\/karin.stampis.com\/blog\/wp-content\/uploads\/2023\/07\/20230708_173010-1536x1152.jpg 1536w, http:\/\/karin.stampis.com\/blog\/wp-content\/uploads\/2023\/07\/20230708_173010.jpg 2000w\" sizes=\"auto, (max-width: 1024px) 100vw, 1024px\" \/><\/figure>\n\n\n\n<p>Vi var p\u00e5 Prison island p\u00e5 S\u00f6dra berget. Det har jag dock knappt n\u00e5gra foton d\u00e4rifr\u00e5n, men h\u00e4r \u00e4r d\u00e5 grabbarna k\u00f6r bil p\u00e5 samma st\u00e4lle. <\/p>\n\n\n\n<figure class=\"wp-block-image size-large\"><img loading=\"lazy\" decoding=\"async\" width=\"1024\" height=\"768\" src=\"http:\/\/karin.stampis.com\/blog\/wp-content\/uploads\/2023\/07\/20230710_132656-1024x768.jpg\" alt=\"\" class=\"wp-image-30590\" srcset=\"http:\/\/karin.stampis.com\/blog\/wp-content\/uploads\/2023\/07\/20230710_132656-1024x768.jpg 1024w, http:\/\/karin.stampis.com\/blog\/wp-content\/uploads\/2023\/07\/20230710_132656-360x270.jpg 360w, http:\/\/karin.stampis.com\/blog\/wp-content\/uploads\/2023\/07\/20230710_132656-768x576.jpg 768w, http:\/\/karin.stampis.com\/blog\/wp-content\/uploads\/2023\/07\/20230710_132656-1536x1152.jpg 1536w, http:\/\/karin.stampis.com\/blog\/wp-content\/uploads\/2023\/07\/20230710_132656.jpg 2000w\" sizes=\"auto, (max-width: 1024px) 100vw, 1024px\" \/><\/figure>\n\n\n\n<p>Minigolf. Det var en h\u00e5rd kamp (jag var enbart publik).<\/p>\n\n\n\n<figure class=\"wp-block-image size-large\"><img loading=\"lazy\" decoding=\"async\" width=\"1024\" height=\"768\" src=\"http:\/\/karin.stampis.com\/blog\/wp-content\/uploads\/2023\/07\/20230710_214307-1024x768.jpg\" alt=\"\" class=\"wp-image-30589\" srcset=\"http:\/\/karin.stampis.com\/blog\/wp-content\/uploads\/2023\/07\/20230710_214307-1024x768.jpg 1024w, http:\/\/karin.stampis.com\/blog\/wp-content\/uploads\/2023\/07\/20230710_214307-360x270.jpg 360w, http:\/\/karin.stampis.com\/blog\/wp-content\/uploads\/2023\/07\/20230710_214307-768x576.jpg 768w, http:\/\/karin.stampis.com\/blog\/wp-content\/uploads\/2023\/07\/20230710_214307-1536x1152.jpg 1536w, http:\/\/karin.stampis.com\/blog\/wp-content\/uploads\/2023\/07\/20230710_214307.jpg 2000w\" sizes=\"auto, (max-width: 1024px) 100vw, 1024px\" \/><\/figure>\n\n\n\n<p>Jimmy och Alfred hade en TVkv\u00e4ll hos farfar, och d\u00e5 s\u00e5g Viktor och jag p\u00e5 LasseMaja.<\/p>\n\n\n\n<figure class=\"wp-block-image size-large\"><img loading=\"lazy\" decoding=\"async\" width=\"1024\" height=\"768\" src=\"http:\/\/karin.stampis.com\/blog\/wp-content\/uploads\/2023\/07\/20230712_130937-1024x768.jpg\" alt=\"\" class=\"wp-image-30587\" srcset=\"http:\/\/karin.stampis.com\/blog\/wp-content\/uploads\/2023\/07\/20230712_130937-1024x768.jpg 1024w, http:\/\/karin.stampis.com\/blog\/wp-content\/uploads\/2023\/07\/20230712_130937-360x270.jpg 360w, http:\/\/karin.stampis.com\/blog\/wp-content\/uploads\/2023\/07\/20230712_130937-768x576.jpg 768w, http:\/\/karin.stampis.com\/blog\/wp-content\/uploads\/2023\/07\/20230712_130937-1536x1152.jpg 1536w, http:\/\/karin.stampis.com\/blog\/wp-content\/uploads\/2023\/07\/20230712_130937.jpg 2000w\" sizes=\"auto, (max-width: 1024px) 100vw, 1024px\" \/><\/figure>\n\n\n\n<p>Viktor hittade ett g\u00e4ng bilar hos Linda och Bengt att leka med.<\/p>\n","protected":false},"excerpt":{"rendered":"<p>Vi var p\u00e5 Prison island p\u00e5 S\u00f6dra berget. Det har jag dock knappt n\u00e5gra foton d\u00e4rifr\u00e5n, men h\u00e4r \u00e4r d\u00e5 grabbarna k\u00f6r bil p\u00e5 samma st\u00e4lle. Minigolf. Det var en h\u00e5rd kamp (jag var enbart publik). Jimmy och Alfred hade &hellip; <a href=\"http:\/\/karin.stampis.com\/blog\/?p=30585\">Continue reading <span class=\"meta-nav\">&rarr;<\/span><\/a><\/p>\n","protected":false},"author":1,"featured_media":0,"comment_status":"open","ping_status":"open","sticky":false,"template":"","format":"standard","meta":{"footnotes":""},"categories":[519,529,526,145,528],"tags":[],"class_list":["post-30585","post","type-post","status-publish","format-standard","hentry","category-519","category-augusti-2023","category-juli-2023","category-resebloggar","category-skara-och-sundsvall-2023"],"_links":{"self":[{"href":"http:\/\/karin.stampis.com\/blog\/index.php?rest_route=\/wp\/v2\/posts\/30585","targetHints":{"allow":["GET"]}}],"collection":[{"href":"http:\/\/karin.stampis.com\/blog\/index.php?rest_route=\/wp\/v2\/posts"}],"about":[{"href":"http:\/\/karin.stampis.com\/blog\/index.php?rest_route=\/wp\/v2\/types\/post"}],"author":[{"embeddable":true,"href":"http:\/\/karin.stampis.com\/blog\/index.php?rest_route=\/wp\/v2\/users\/1"}],"replies":[{"embeddable":true,"href":"http:\/\/karin.stampis.com\/blog\/index.php?rest_route=%2Fwp%2Fv2%2Fcomments&post=30585"}],"version-history":[{"count":1,"href":"http:\/\/karin.stampis.com\/blog\/index.php?rest_route=\/wp\/v2\/posts\/30585\/revisions"}],"predecessor-version":[{"id":30591,"href":"http:\/\/karin.stampis.com\/blog\/index.php?rest_route=\/wp\/v2\/posts\/30585\/revisions\/30591"}],"wp:attachment":[{"href":"http:\/\/karin.stampis.com\/blog\/index.php?rest_route=%2Fwp%2Fv2%2Fmedia&parent=30585"}],"wp:term":[{"taxonomy":"category","embeddable":true,"href":"http:\/\/karin.stampis.com\/blog\/index.php?rest_route=%2Fwp%2Fv2%2Fcategories&post=30585"},{"taxonomy":"post_tag","embeddable":true,"href":"http:\/\/karin.stampis.com\/blog\/index.php?rest_route=%2Fwp%2Fv2%2Ftags&post=30585"}],"curies":[{"name":"wp","href":"https:\/\/api.w.org\/{rel}","templated":true}]}}