{"id":30645,"date":"2023-09-17T08:28:13","date_gmt":"2023-09-17T07:28:13","guid":{"rendered":"http:\/\/karin.stampis.com\/blog\/?p=30645"},"modified":"2023-09-05T19:32:03","modified_gmt":"2023-09-05T18:32:03","slug":"viktors-cafe","status":"publish","type":"post","link":"http:\/\/karin.stampis.com\/blog\/?p=30645","title":{"rendered":"Viktors cafe!"},"content":{"rendered":"\n<p>En sommarmorgon p\u00e5 landet s\u00e5 sa Viktor att han \u00f6ppnat ett eget kaf\u00e9! Han hade skrivit en egen meny och serverade frukkostg\u00e4sterna. <\/p>\n\n\n\n<p>Alfred var lite tetig ang\u00e5ende stavningen (d\u00e4rav det lite illmariga leendet och fingret som pekar p\u00e5 ett ord :p ), men jag tycker att det var superduktigt skrivit av en kille som inte ens fyllt 7 \ud83d\ude42 .<\/p>\n\n\n\n<figure class=\"wp-block-image size-large\"><img loading=\"lazy\" decoding=\"async\" width=\"1024\" height=\"768\" src=\"http:\/\/karin.stampis.com\/blog\/wp-content\/uploads\/2023\/08\/20230731_111639-1024x768.jpg\" alt=\"\" class=\"wp-image-30647\" srcset=\"http:\/\/karin.stampis.com\/blog\/wp-content\/uploads\/2023\/08\/20230731_111639-1024x768.jpg 1024w, http:\/\/karin.stampis.com\/blog\/wp-content\/uploads\/2023\/08\/20230731_111639-360x270.jpg 360w, http:\/\/karin.stampis.com\/blog\/wp-content\/uploads\/2023\/08\/20230731_111639-768x576.jpg 768w, http:\/\/karin.stampis.com\/blog\/wp-content\/uploads\/2023\/08\/20230731_111639-1536x1152.jpg 1536w, http:\/\/karin.stampis.com\/blog\/wp-content\/uploads\/2023\/08\/20230731_111639.jpg 2000w\" sizes=\"auto, (max-width: 1024px) 100vw, 1024px\" \/><\/figure>\n\n\n\n<figure class=\"wp-block-image size-large\"><img loading=\"lazy\" decoding=\"async\" width=\"768\" height=\"1024\" src=\"http:\/\/karin.stampis.com\/blog\/wp-content\/uploads\/2023\/08\/20230731_111644-768x1024.jpg\" alt=\"\" class=\"wp-image-30646\" srcset=\"http:\/\/karin.stampis.com\/blog\/wp-content\/uploads\/2023\/08\/20230731_111644-768x1024.jpg 768w, http:\/\/karin.stampis.com\/blog\/wp-content\/uploads\/2023\/08\/20230731_111644-270x360.jpg 270w, http:\/\/karin.stampis.com\/blog\/wp-content\/uploads\/2023\/08\/20230731_111644-1152x1536.jpg 1152w, http:\/\/karin.stampis.com\/blog\/wp-content\/uploads\/2023\/08\/20230731_111644.jpg 1500w\" sizes=\"auto, (max-width: 768px) 100vw, 768px\" \/><\/figure>\n\n\n","protected":false},"excerpt":{"rendered":"<p>En sommarmorgon p\u00e5 landet s\u00e5 sa Viktor att han \u00f6ppnat ett eget kaf\u00e9! Han hade skrivit en egen meny och serverade frukkostg\u00e4sterna. Alfred var lite tetig ang\u00e5ende stavningen (d\u00e4rav det lite illmariga leendet och fingret som pekar p\u00e5 ett ord &hellip; <a href=\"http:\/\/karin.stampis.com\/blog\/?p=30645\">Continue reading <span class=\"meta-nav\">&rarr;<\/span><\/a><\/p>\n","protected":false},"author":1,"featured_media":0,"comment_status":"open","ping_status":"open","sticky":false,"template":"","format":"standard","meta":{"footnotes":""},"categories":[519,529,530],"tags":[],"class_list":["post-30645","post","type-post","status-publish","format-standard","hentry","category-519","category-augusti-2023","category-september-2023"],"_links":{"self":[{"href":"http:\/\/karin.stampis.com\/blog\/index.php?rest_route=\/wp\/v2\/posts\/30645","targetHints":{"allow":["GET"]}}],"collection":[{"href":"http:\/\/karin.stampis.com\/blog\/index.php?rest_route=\/wp\/v2\/posts"}],"about":[{"href":"http:\/\/karin.stampis.com\/blog\/index.php?rest_route=\/wp\/v2\/types\/post"}],"author":[{"embeddable":true,"href":"http:\/\/karin.stampis.com\/blog\/index.php?rest_route=\/wp\/v2\/users\/1"}],"replies":[{"embeddable":true,"href":"http:\/\/karin.stampis.com\/blog\/index.php?rest_route=%2Fwp%2Fv2%2Fcomments&post=30645"}],"version-history":[{"count":2,"href":"http:\/\/karin.stampis.com\/blog\/index.php?rest_route=\/wp\/v2\/posts\/30645\/revisions"}],"predecessor-version":[{"id":30708,"href":"http:\/\/karin.stampis.com\/blog\/index.php?rest_route=\/wp\/v2\/posts\/30645\/revisions\/30708"}],"wp:attachment":[{"href":"http:\/\/karin.stampis.com\/blog\/index.php?rest_route=%2Fwp%2Fv2%2Fmedia&parent=30645"}],"wp:term":[{"taxonomy":"category","embeddable":true,"href":"http:\/\/karin.stampis.com\/blog\/index.php?rest_route=%2Fwp%2Fv2%2Fcategories&post=30645"},{"taxonomy":"post_tag","embeddable":true,"href":"http:\/\/karin.stampis.com\/blog\/index.php?rest_route=%2Fwp%2Fv2%2Ftags&post=30645"}],"curies":[{"name":"wp","href":"https:\/\/api.w.org\/{rel}","templated":true}]}}