{"id":30710,"date":"2023-09-15T09:06:19","date_gmt":"2023-09-15T08:06:19","guid":{"rendered":"http:\/\/karin.stampis.com\/blog\/?p=30710"},"modified":"2023-09-05T19:31:56","modified_gmt":"2023-09-05T18:31:56","slug":"pa-landet-15","status":"publish","type":"post","link":"http:\/\/karin.stampis.com\/blog\/?p=30710","title":{"rendered":"P\u00e5 landet"},"content":{"rendered":"\n<p>V\u00e4dret blev b\u00e4ttre under den andra halvan av augusti, d\u00e5 semestern och sommarlovet var slut.<\/p>\n\n\n\n<p>Vi \u00e5kte till landet en helg och ins\u00f6p lite sommar. Lyckades \u00f6ka p\u00e5 antalet g\u00e5nger vi badat denna sommaren.<\/p>\n\n\n\n<figure class=\"wp-block-image size-large\"><img loading=\"lazy\" decoding=\"async\" width=\"1024\" height=\"768\" src=\"http:\/\/karin.stampis.com\/blog\/wp-content\/uploads\/2023\/09\/20230819_133550-1024x768.jpg\" alt=\"\" class=\"wp-image-30712\" srcset=\"http:\/\/karin.stampis.com\/blog\/wp-content\/uploads\/2023\/09\/20230819_133550-1024x768.jpg 1024w, http:\/\/karin.stampis.com\/blog\/wp-content\/uploads\/2023\/09\/20230819_133550-360x270.jpg 360w, http:\/\/karin.stampis.com\/blog\/wp-content\/uploads\/2023\/09\/20230819_133550-768x576.jpg 768w, http:\/\/karin.stampis.com\/blog\/wp-content\/uploads\/2023\/09\/20230819_133550-1536x1152.jpg 1536w, http:\/\/karin.stampis.com\/blog\/wp-content\/uploads\/2023\/09\/20230819_133550.jpg 2000w\" sizes=\"auto, (max-width: 1024px) 100vw, 1024px\" \/><\/figure>\n\n\n\n<p>P\u00e5 v\u00e4gen dit kollade killarna in K\u00f6nigseggs fabrik (p\u00e5 avst\u00e5nd). Viktor har blivit lite k\u00f6ningseggs-fr\u00e4lst \ud83d\ude09 .<\/p>\n\n\n\n<figure class=\"wp-block-image size-large\"><img loading=\"lazy\" decoding=\"async\" width=\"1024\" height=\"768\" src=\"http:\/\/karin.stampis.com\/blog\/wp-content\/uploads\/2023\/09\/20230819_154314-1024x768.jpg\" alt=\"\" class=\"wp-image-30711\" srcset=\"http:\/\/karin.stampis.com\/blog\/wp-content\/uploads\/2023\/09\/20230819_154314-1024x768.jpg 1024w, http:\/\/karin.stampis.com\/blog\/wp-content\/uploads\/2023\/09\/20230819_154314-360x270.jpg 360w, http:\/\/karin.stampis.com\/blog\/wp-content\/uploads\/2023\/09\/20230819_154314-768x576.jpg 768w, http:\/\/karin.stampis.com\/blog\/wp-content\/uploads\/2023\/09\/20230819_154314-1536x1152.jpg 1536w, http:\/\/karin.stampis.com\/blog\/wp-content\/uploads\/2023\/09\/20230819_154314.jpg 2000w\" sizes=\"auto, (max-width: 1024px) 100vw, 1024px\" \/><\/figure>\n\n\n\n<p>Lagt till en g\u00e5ng p\u00e5 till f\u00e5talet g\u00e5nger som vi badat i \u00e5r.<\/p>\n\n\n\n<figure class=\"wp-block-image size-large\"><img loading=\"lazy\" decoding=\"async\" width=\"1024\" height=\"768\" src=\"http:\/\/karin.stampis.com\/blog\/wp-content\/uploads\/2023\/09\/20230819_183340-1024x768.jpg\" alt=\"\" class=\"wp-image-30713\" srcset=\"http:\/\/karin.stampis.com\/blog\/wp-content\/uploads\/2023\/09\/20230819_183340-1024x768.jpg 1024w, http:\/\/karin.stampis.com\/blog\/wp-content\/uploads\/2023\/09\/20230819_183340-360x270.jpg 360w, http:\/\/karin.stampis.com\/blog\/wp-content\/uploads\/2023\/09\/20230819_183340-768x576.jpg 768w, http:\/\/karin.stampis.com\/blog\/wp-content\/uploads\/2023\/09\/20230819_183340-1536x1152.jpg 1536w, http:\/\/karin.stampis.com\/blog\/wp-content\/uploads\/2023\/09\/20230819_183340.jpg 2000w\" sizes=\"auto, (max-width: 1024px) 100vw, 1024px\" \/><\/figure>\n\n\n\n<p>Jimmy och jag gick en vacker promenad.<\/p>\n","protected":false},"excerpt":{"rendered":"<p>V\u00e4dret blev b\u00e4ttre under den andra halvan av augusti, d\u00e5 semestern och sommarlovet var slut. Vi \u00e5kte till landet en helg och ins\u00f6p lite sommar. Lyckades \u00f6ka p\u00e5 antalet g\u00e5nger vi badat denna sommaren. P\u00e5 v\u00e4gen dit kollade killarna in &hellip; <a href=\"http:\/\/karin.stampis.com\/blog\/?p=30710\">Continue reading <span class=\"meta-nav\">&rarr;<\/span><\/a><\/p>\n","protected":false},"author":1,"featured_media":0,"comment_status":"open","ping_status":"open","sticky":false,"template":"","format":"standard","meta":{"footnotes":""},"categories":[1],"tags":[],"class_list":["post-30710","post","type-post","status-publish","format-standard","hentry","category-uncategorized"],"_links":{"self":[{"href":"http:\/\/karin.stampis.com\/blog\/index.php?rest_route=\/wp\/v2\/posts\/30710","targetHints":{"allow":["GET"]}}],"collection":[{"href":"http:\/\/karin.stampis.com\/blog\/index.php?rest_route=\/wp\/v2\/posts"}],"about":[{"href":"http:\/\/karin.stampis.com\/blog\/index.php?rest_route=\/wp\/v2\/types\/post"}],"author":[{"embeddable":true,"href":"http:\/\/karin.stampis.com\/blog\/index.php?rest_route=\/wp\/v2\/users\/1"}],"replies":[{"embeddable":true,"href":"http:\/\/karin.stampis.com\/blog\/index.php?rest_route=%2Fwp%2Fv2%2Fcomments&post=30710"}],"version-history":[{"count":1,"href":"http:\/\/karin.stampis.com\/blog\/index.php?rest_route=\/wp\/v2\/posts\/30710\/revisions"}],"predecessor-version":[{"id":30714,"href":"http:\/\/karin.stampis.com\/blog\/index.php?rest_route=\/wp\/v2\/posts\/30710\/revisions\/30714"}],"wp:attachment":[{"href":"http:\/\/karin.stampis.com\/blog\/index.php?rest_route=%2Fwp%2Fv2%2Fmedia&parent=30710"}],"wp:term":[{"taxonomy":"category","embeddable":true,"href":"http:\/\/karin.stampis.com\/blog\/index.php?rest_route=%2Fwp%2Fv2%2Fcategories&post=30710"},{"taxonomy":"post_tag","embeddable":true,"href":"http:\/\/karin.stampis.com\/blog\/index.php?rest_route=%2Fwp%2Fv2%2Ftags&post=30710"}],"curies":[{"name":"wp","href":"https:\/\/api.w.org\/{rel}","templated":true}]}}