{"id":30827,"date":"2023-09-23T06:42:50","date_gmt":"2023-09-23T05:42:50","guid":{"rendered":"http:\/\/karin.stampis.com\/blog\/?p=30827"},"modified":"2023-09-23T06:42:50","modified_gmt":"2023-09-23T05:42:50","slug":"extra-fodelsedagsfirande","status":"publish","type":"post","link":"http:\/\/karin.stampis.com\/blog\/?p=30827","title":{"rendered":"Extra f\u00f6delsedagsfirande"},"content":{"rendered":"\n<p>Tv\u00e5 helger efter hans f\u00f6delsedag s\u00e5 hade vi f\u00f6delsedagsfirande med Mommo och Moffa hemma i Dalby. N\u00e5gon dag efter detta s\u00e5 fick Viktor \u00e4ntligen sitt nya mobilskal (som han l\u00e4ngtat s\u00e5 l\u00e4nge efter) via posten, s\u00e5 det blev n\u00e4stan som en f\u00f6delsedag till. <\/p>\n\n\n\n<figure class=\"wp-block-image size-large\"><img loading=\"lazy\" decoding=\"async\" width=\"631\" height=\"1024\" src=\"http:\/\/karin.stampis.com\/blog\/wp-content\/uploads\/2023\/09\/20230826_181631-631x1024.jpg\" alt=\"\" class=\"wp-image-30829\" srcset=\"http:\/\/karin.stampis.com\/blog\/wp-content\/uploads\/2023\/09\/20230826_181631-631x1024.jpg 631w, http:\/\/karin.stampis.com\/blog\/wp-content\/uploads\/2023\/09\/20230826_181631-222x360.jpg 222w, http:\/\/karin.stampis.com\/blog\/wp-content\/uploads\/2023\/09\/20230826_181631-768x1247.jpg 768w, http:\/\/karin.stampis.com\/blog\/wp-content\/uploads\/2023\/09\/20230826_181631-946x1536.jpg 946w, http:\/\/karin.stampis.com\/blog\/wp-content\/uploads\/2023\/09\/20230826_181631.jpg 1232w\" sizes=\"auto, (max-width: 631px) 100vw, 631px\" \/><\/figure>\n\n\n\n<figure class=\"wp-block-image size-large\"><img loading=\"lazy\" decoding=\"async\" width=\"1024\" height=\"934\" src=\"http:\/\/karin.stampis.com\/blog\/wp-content\/uploads\/2023\/09\/20230826_181815-1024x934.jpg\" alt=\"\" class=\"wp-image-30830\" srcset=\"http:\/\/karin.stampis.com\/blog\/wp-content\/uploads\/2023\/09\/20230826_181815-1024x934.jpg 1024w, http:\/\/karin.stampis.com\/blog\/wp-content\/uploads\/2023\/09\/20230826_181815-360x329.jpg 360w, http:\/\/karin.stampis.com\/blog\/wp-content\/uploads\/2023\/09\/20230826_181815-768x701.jpg 768w, http:\/\/karin.stampis.com\/blog\/wp-content\/uploads\/2023\/09\/20230826_181815-1536x1402.jpg 1536w, http:\/\/karin.stampis.com\/blog\/wp-content\/uploads\/2023\/09\/20230826_181815.jpg 2000w\" sizes=\"auto, (max-width: 1024px) 100vw, 1024px\" \/><\/figure>\n\n\n\n<figure class=\"wp-block-image size-large\"><img loading=\"lazy\" decoding=\"async\" width=\"1024\" height=\"768\" src=\"http:\/\/karin.stampis.com\/blog\/wp-content\/uploads\/2023\/09\/20230830_095548-1024x768.jpg\" alt=\"\" class=\"wp-image-30828\" srcset=\"http:\/\/karin.stampis.com\/blog\/wp-content\/uploads\/2023\/09\/20230830_095548-1024x768.jpg 1024w, http:\/\/karin.stampis.com\/blog\/wp-content\/uploads\/2023\/09\/20230830_095548-360x270.jpg 360w, http:\/\/karin.stampis.com\/blog\/wp-content\/uploads\/2023\/09\/20230830_095548-768x576.jpg 768w, http:\/\/karin.stampis.com\/blog\/wp-content\/uploads\/2023\/09\/20230830_095548-1536x1152.jpg 1536w, http:\/\/karin.stampis.com\/blog\/wp-content\/uploads\/2023\/09\/20230830_095548.jpg 2000w\" sizes=\"auto, (max-width: 1024px) 100vw, 1024px\" \/><\/figure>\n","protected":false},"excerpt":{"rendered":"<p>Tv\u00e5 helger efter hans f\u00f6delsedag s\u00e5 hade vi f\u00f6delsedagsfirande med Mommo och Moffa hemma i Dalby. N\u00e5gon dag efter detta s\u00e5 fick Viktor \u00e4ntligen sitt nya mobilskal (som han l\u00e4ngtat s\u00e5 l\u00e4nge efter) via posten, s\u00e5 det blev n\u00e4stan som &hellip; <a href=\"http:\/\/karin.stampis.com\/blog\/?p=30827\">Continue reading <span class=\"meta-nav\">&rarr;<\/span><\/a><\/p>\n","protected":false},"author":1,"featured_media":0,"comment_status":"open","ping_status":"open","sticky":false,"template":"","format":"standard","meta":{"footnotes":""},"categories":[519,529,530,410,431],"tags":[],"class_list":["post-30827","post","type-post","status-publish","format-standard","hentry","category-519","category-augusti-2023","category-september-2023","category-viktor","category-viktor-fyller-ar"],"_links":{"self":[{"href":"http:\/\/karin.stampis.com\/blog\/index.php?rest_route=\/wp\/v2\/posts\/30827","targetHints":{"allow":["GET"]}}],"collection":[{"href":"http:\/\/karin.stampis.com\/blog\/index.php?rest_route=\/wp\/v2\/posts"}],"about":[{"href":"http:\/\/karin.stampis.com\/blog\/index.php?rest_route=\/wp\/v2\/types\/post"}],"author":[{"embeddable":true,"href":"http:\/\/karin.stampis.com\/blog\/index.php?rest_route=\/wp\/v2\/users\/1"}],"replies":[{"embeddable":true,"href":"http:\/\/karin.stampis.com\/blog\/index.php?rest_route=%2Fwp%2Fv2%2Fcomments&post=30827"}],"version-history":[{"count":1,"href":"http:\/\/karin.stampis.com\/blog\/index.php?rest_route=\/wp\/v2\/posts\/30827\/revisions"}],"predecessor-version":[{"id":30831,"href":"http:\/\/karin.stampis.com\/blog\/index.php?rest_route=\/wp\/v2\/posts\/30827\/revisions\/30831"}],"wp:attachment":[{"href":"http:\/\/karin.stampis.com\/blog\/index.php?rest_route=%2Fwp%2Fv2%2Fmedia&parent=30827"}],"wp:term":[{"taxonomy":"category","embeddable":true,"href":"http:\/\/karin.stampis.com\/blog\/index.php?rest_route=%2Fwp%2Fv2%2Fcategories&post=30827"},{"taxonomy":"post_tag","embeddable":true,"href":"http:\/\/karin.stampis.com\/blog\/index.php?rest_route=%2Fwp%2Fv2%2Ftags&post=30827"}],"curies":[{"name":"wp","href":"https:\/\/api.w.org\/{rel}","templated":true}]}}