{"id":30893,"date":"2023-11-02T08:10:50","date_gmt":"2023-11-02T07:10:50","guid":{"rendered":"http:\/\/karin.stampis.com\/blog\/?p=30893"},"modified":"2023-11-02T08:11:06","modified_gmt":"2023-11-02T07:11:06","slug":"alfreds-fodelsedag-6","status":"publish","type":"post","link":"http:\/\/karin.stampis.com\/blog\/?p=30893","title":{"rendered":"Alfreds f\u00f6delsedag!"},"content":{"rendered":"\n<p>Alfred fyllde 11 \u00e5r p\u00e5 en m\u00e5ndag. Helgen innan hade vi f\u00f6delsedagsutflykt (mer om det i ett senare inl\u00e4gg). P\u00e5 morgonen blev det sk\u00f6ns\u00e5ng och paket. Alfred \u00f6ppnade sitt paket och s\u00e5g att han f\u00e5tt en Manchester United skop\u00e5se. Han blev glad \ud83d\ude42 . <\/p>\n\n\n\n<figure class=\"wp-block-image size-large\"><img loading=\"lazy\" decoding=\"async\" width=\"1024\" height=\"768\" src=\"http:\/\/karin.stampis.com\/blog\/wp-content\/uploads\/2023\/11\/20231023_154614-1024x768.jpg\" alt=\"\" class=\"wp-image-30897\" srcset=\"http:\/\/karin.stampis.com\/blog\/wp-content\/uploads\/2023\/11\/20231023_154614-1024x768.jpg 1024w, http:\/\/karin.stampis.com\/blog\/wp-content\/uploads\/2023\/11\/20231023_154614-360x270.jpg 360w, http:\/\/karin.stampis.com\/blog\/wp-content\/uploads\/2023\/11\/20231023_154614-768x576.jpg 768w, http:\/\/karin.stampis.com\/blog\/wp-content\/uploads\/2023\/11\/20231023_154614-1536x1152.jpg 1536w, http:\/\/karin.stampis.com\/blog\/wp-content\/uploads\/2023\/11\/20231023_154614.jpg 2000w\" sizes=\"auto, (max-width: 1024px) 100vw, 1024px\" \/><\/figure>\n\n\n\n<p>Sen sa vi \u00e5t honom att kolla inuti skop\u00e5sen. D\u00e5 blev han j\u00e4tteglad \ud83d\ude42 (mamma ska med).<\/p>\n\n\n\n<figure class=\"wp-block-image size-large\"><img loading=\"lazy\" decoding=\"async\" width=\"768\" height=\"1024\" src=\"http:\/\/karin.stampis.com\/blog\/wp-content\/uploads\/2023\/11\/20231023_154625-768x1024.jpg\" alt=\"\" class=\"wp-image-30898\" srcset=\"http:\/\/karin.stampis.com\/blog\/wp-content\/uploads\/2023\/11\/20231023_154625-768x1024.jpg 768w, http:\/\/karin.stampis.com\/blog\/wp-content\/uploads\/2023\/11\/20231023_154625-270x360.jpg 270w, http:\/\/karin.stampis.com\/blog\/wp-content\/uploads\/2023\/11\/20231023_154625-1152x1536.jpg 1152w, http:\/\/karin.stampis.com\/blog\/wp-content\/uploads\/2023\/11\/20231023_154625.jpg 1500w\" sizes=\"auto, (max-width: 768px) 100vw, 768px\" \/><\/figure>\n\n\n\n<p>P\u00e5 kv\u00e4llen var det dags f\u00f6r t\u00e5rta.<\/p>\n\n\n\n<figure class=\"wp-block-image size-large\"><img loading=\"lazy\" decoding=\"async\" width=\"1024\" height=\"768\" src=\"http:\/\/karin.stampis.com\/blog\/wp-content\/uploads\/2023\/11\/20231023_190527-1024x768.jpg\" alt=\"\" class=\"wp-image-30899\" srcset=\"http:\/\/karin.stampis.com\/blog\/wp-content\/uploads\/2023\/11\/20231023_190527-1024x768.jpg 1024w, http:\/\/karin.stampis.com\/blog\/wp-content\/uploads\/2023\/11\/20231023_190527-360x270.jpg 360w, http:\/\/karin.stampis.com\/blog\/wp-content\/uploads\/2023\/11\/20231023_190527-768x576.jpg 768w, http:\/\/karin.stampis.com\/blog\/wp-content\/uploads\/2023\/11\/20231023_190527-1536x1152.jpg 1536w, http:\/\/karin.stampis.com\/blog\/wp-content\/uploads\/2023\/11\/20231023_190527.jpg 2000w\" sizes=\"auto, (max-width: 1024px) 100vw, 1024px\" \/><\/figure>\n\n\n\n<p>Minimerade ljusen lite i \u00e5r.<\/p>\n\n\n\n<figure class=\"wp-block-image size-large\"><img loading=\"lazy\" decoding=\"async\" width=\"768\" height=\"1024\" src=\"http:\/\/karin.stampis.com\/blog\/wp-content\/uploads\/2023\/11\/20231023_190750-768x1024.jpg\" alt=\"\" class=\"wp-image-30900\" srcset=\"http:\/\/karin.stampis.com\/blog\/wp-content\/uploads\/2023\/11\/20231023_190750-768x1024.jpg 768w, http:\/\/karin.stampis.com\/blog\/wp-content\/uploads\/2023\/11\/20231023_190750-270x360.jpg 270w, http:\/\/karin.stampis.com\/blog\/wp-content\/uploads\/2023\/11\/20231023_190750-1152x1536.jpg 1152w, http:\/\/karin.stampis.com\/blog\/wp-content\/uploads\/2023\/11\/20231023_190750.jpg 1500w\" sizes=\"auto, (max-width: 768px) 100vw, 768px\" \/><\/figure>\n\n\n\n<p>Fick fina b\u00f6cker med mattekluringar fr\u00e5n Lena.<\/p>\n\n\n\n<figure class=\"wp-block-image size-large\"><img loading=\"lazy\" decoding=\"async\" width=\"1024\" height=\"768\" src=\"http:\/\/karin.stampis.com\/blog\/wp-content\/uploads\/2023\/11\/20231023_191210-1024x768.jpg\" alt=\"\" class=\"wp-image-30895\" srcset=\"http:\/\/karin.stampis.com\/blog\/wp-content\/uploads\/2023\/11\/20231023_191210-1024x768.jpg 1024w, http:\/\/karin.stampis.com\/blog\/wp-content\/uploads\/2023\/11\/20231023_191210-360x270.jpg 360w, http:\/\/karin.stampis.com\/blog\/wp-content\/uploads\/2023\/11\/20231023_191210-768x576.jpg 768w, http:\/\/karin.stampis.com\/blog\/wp-content\/uploads\/2023\/11\/20231023_191210-1536x1152.jpg 1536w, http:\/\/karin.stampis.com\/blog\/wp-content\/uploads\/2023\/11\/20231023_191210.jpg 2000w\" sizes=\"auto, (max-width: 1024px) 100vw, 1024px\" \/><\/figure>\n\n\n\n<p>Fick en Manchester United pl\u00e5nbok fr\u00e5n Farfar.<\/p>\n\n\n\n<figure class=\"wp-block-image size-large\"><img loading=\"lazy\" decoding=\"async\" width=\"1024\" height=\"768\" src=\"http:\/\/karin.stampis.com\/blog\/wp-content\/uploads\/2023\/11\/20231023_191330-1024x768.jpg\" alt=\"\" class=\"wp-image-30896\" srcset=\"http:\/\/karin.stampis.com\/blog\/wp-content\/uploads\/2023\/11\/20231023_191330-1024x768.jpg 1024w, http:\/\/karin.stampis.com\/blog\/wp-content\/uploads\/2023\/11\/20231023_191330-360x270.jpg 360w, http:\/\/karin.stampis.com\/blog\/wp-content\/uploads\/2023\/11\/20231023_191330-768x576.jpg 768w, http:\/\/karin.stampis.com\/blog\/wp-content\/uploads\/2023\/11\/20231023_191330-1536x1152.jpg 1536w, http:\/\/karin.stampis.com\/blog\/wp-content\/uploads\/2023\/11\/20231023_191330.jpg 2000w\" sizes=\"auto, (max-width: 1024px) 100vw, 1024px\" \/><\/figure>\n\n\n\n<p>Sen fick han \u00e4ven en slant fr\u00e5n mommo moffa och Animox trilogi fr\u00e5n Eva.<\/p>\n","protected":false},"excerpt":{"rendered":"<p>Alfred fyllde 11 \u00e5r p\u00e5 en m\u00e5ndag. Helgen innan hade vi f\u00f6delsedagsutflykt (mer om det i ett senare inl\u00e4gg). P\u00e5 morgonen blev det sk\u00f6ns\u00e5ng och paket. Alfred \u00f6ppnade sitt paket och s\u00e5g att han f\u00e5tt en Manchester United skop\u00e5se. Han &hellip; <a href=\"http:\/\/karin.stampis.com\/blog\/?p=30893\">Continue reading <span class=\"meta-nav\">&rarr;<\/span><\/a><\/p>\n","protected":false},"author":1,"featured_media":0,"comment_status":"open","ping_status":"open","sticky":false,"template":"","format":"standard","meta":{"footnotes":""},"categories":[519,322,353,532],"tags":[],"class_list":["post-30893","post","type-post","status-publish","format-standard","hentry","category-519","category-alfred","category-alfred-fyller-ar","category-oktober-2023"],"_links":{"self":[{"href":"http:\/\/karin.stampis.com\/blog\/index.php?rest_route=\/wp\/v2\/posts\/30893","targetHints":{"allow":["GET"]}}],"collection":[{"href":"http:\/\/karin.stampis.com\/blog\/index.php?rest_route=\/wp\/v2\/posts"}],"about":[{"href":"http:\/\/karin.stampis.com\/blog\/index.php?rest_route=\/wp\/v2\/types\/post"}],"author":[{"embeddable":true,"href":"http:\/\/karin.stampis.com\/blog\/index.php?rest_route=\/wp\/v2\/users\/1"}],"replies":[{"embeddable":true,"href":"http:\/\/karin.stampis.com\/blog\/index.php?rest_route=%2Fwp%2Fv2%2Fcomments&post=30893"}],"version-history":[{"count":2,"href":"http:\/\/karin.stampis.com\/blog\/index.php?rest_route=\/wp\/v2\/posts\/30893\/revisions"}],"predecessor-version":[{"id":30901,"href":"http:\/\/karin.stampis.com\/blog\/index.php?rest_route=\/wp\/v2\/posts\/30893\/revisions\/30901"}],"wp:attachment":[{"href":"http:\/\/karin.stampis.com\/blog\/index.php?rest_route=%2Fwp%2Fv2%2Fmedia&parent=30893"}],"wp:term":[{"taxonomy":"category","embeddable":true,"href":"http:\/\/karin.stampis.com\/blog\/index.php?rest_route=%2Fwp%2Fv2%2Fcategories&post=30893"},{"taxonomy":"post_tag","embeddable":true,"href":"http:\/\/karin.stampis.com\/blog\/index.php?rest_route=%2Fwp%2Fv2%2Ftags&post=30893"}],"curies":[{"name":"wp","href":"https:\/\/api.w.org\/{rel}","templated":true}]}}