{"id":31046,"date":"2023-11-09T14:54:09","date_gmt":"2023-11-09T13:54:09","guid":{"rendered":"http:\/\/karin.stampis.com\/blog\/?p=31046"},"modified":"2023-11-09T14:56:27","modified_gmt":"2023-11-09T13:56:27","slug":"halloween-4","status":"publish","type":"post","link":"http:\/\/karin.stampis.com\/blog\/?p=31046","title":{"rendered":"Halloween"},"content":{"rendered":"\n<p>Vi var p\u00e5 landet under Halloweendagen. Alfred och Viktor gick bus eller godis till Eva och Kjell i dessa outfits.<\/p>\n\n\n\n<figure class=\"wp-block-gallery has-nested-images columns-default is-cropped wp-block-gallery-1 is-layout-flex wp-block-gallery-is-layout-flex\">\n<figure class=\"wp-block-image size-large\"><img loading=\"lazy\" decoding=\"async\" width=\"768\" height=\"1024\" data-id=\"31051\" src=\"http:\/\/karin.stampis.com\/blog\/wp-content\/uploads\/2023\/11\/20231028_141136-768x1024.jpg\" alt=\"\" class=\"wp-image-31051\" srcset=\"http:\/\/karin.stampis.com\/blog\/wp-content\/uploads\/2023\/11\/20231028_141136-768x1024.jpg 768w, http:\/\/karin.stampis.com\/blog\/wp-content\/uploads\/2023\/11\/20231028_141136-270x360.jpg 270w, http:\/\/karin.stampis.com\/blog\/wp-content\/uploads\/2023\/11\/20231028_141136-1152x1536.jpg 1152w, http:\/\/karin.stampis.com\/blog\/wp-content\/uploads\/2023\/11\/20231028_141136.jpg 1500w\" sizes=\"auto, (max-width: 768px) 100vw, 768px\" \/><\/figure>\n\n\n\n<figure class=\"wp-block-image size-large\"><img loading=\"lazy\" decoding=\"async\" width=\"768\" height=\"1024\" data-id=\"31052\" src=\"http:\/\/karin.stampis.com\/blog\/wp-content\/uploads\/2023\/11\/20231028_141201-768x1024.jpg\" alt=\"\" class=\"wp-image-31052\" srcset=\"http:\/\/karin.stampis.com\/blog\/wp-content\/uploads\/2023\/11\/20231028_141201-768x1024.jpg 768w, http:\/\/karin.stampis.com\/blog\/wp-content\/uploads\/2023\/11\/20231028_141201-270x360.jpg 270w, http:\/\/karin.stampis.com\/blog\/wp-content\/uploads\/2023\/11\/20231028_141201-1152x1536.jpg 1152w, http:\/\/karin.stampis.com\/blog\/wp-content\/uploads\/2023\/11\/20231028_141201.jpg 1500w\" sizes=\"auto, (max-width: 768px) 100vw, 768px\" \/><\/figure>\n<\/figure>\n\n\n\n<p><\/p>\n\n\n\n<p>Jimmy och jag gick en promenad ist\u00e4llet. Vi tr\u00e4ffade p\u00e5 nyfikna kor.<\/p>\n\n\n\n<figure class=\"wp-block-gallery has-nested-images columns-default is-cropped wp-block-gallery-2 is-layout-flex wp-block-gallery-is-layout-flex\">\n<figure class=\"wp-block-image size-large\"><img loading=\"lazy\" decoding=\"async\" width=\"1024\" height=\"768\" data-id=\"31054\" src=\"http:\/\/karin.stampis.com\/blog\/wp-content\/uploads\/2023\/11\/20231028_155821-1024x768.jpg\" alt=\"\" class=\"wp-image-31054\" srcset=\"http:\/\/karin.stampis.com\/blog\/wp-content\/uploads\/2023\/11\/20231028_155821-1024x768.jpg 1024w, http:\/\/karin.stampis.com\/blog\/wp-content\/uploads\/2023\/11\/20231028_155821-360x270.jpg 360w, http:\/\/karin.stampis.com\/blog\/wp-content\/uploads\/2023\/11\/20231028_155821-768x576.jpg 768w, http:\/\/karin.stampis.com\/blog\/wp-content\/uploads\/2023\/11\/20231028_155821-1536x1152.jpg 1536w, http:\/\/karin.stampis.com\/blog\/wp-content\/uploads\/2023\/11\/20231028_155821.jpg 2000w\" sizes=\"auto, (max-width: 1024px) 100vw, 1024px\" \/><\/figure>\n<\/figure>\n","protected":false},"excerpt":{"rendered":"<p>Vi var p\u00e5 landet under Halloweendagen. Alfred och Viktor gick bus eller godis till Eva och Kjell i dessa outfits. Jimmy och jag gick en promenad ist\u00e4llet. Vi tr\u00e4ffade p\u00e5 nyfikna kor.<\/p>\n","protected":false},"author":1,"featured_media":0,"comment_status":"open","ping_status":"open","sticky":false,"template":"","format":"standard","meta":{"footnotes":""},"categories":[519,533,532],"tags":[],"class_list":["post-31046","post","type-post","status-publish","format-standard","hentry","category-519","category-november-2023","category-oktober-2023"],"_links":{"self":[{"href":"http:\/\/karin.stampis.com\/blog\/index.php?rest_route=\/wp\/v2\/posts\/31046","targetHints":{"allow":["GET"]}}],"collection":[{"href":"http:\/\/karin.stampis.com\/blog\/index.php?rest_route=\/wp\/v2\/posts"}],"about":[{"href":"http:\/\/karin.stampis.com\/blog\/index.php?rest_route=\/wp\/v2\/types\/post"}],"author":[{"embeddable":true,"href":"http:\/\/karin.stampis.com\/blog\/index.php?rest_route=\/wp\/v2\/users\/1"}],"replies":[{"embeddable":true,"href":"http:\/\/karin.stampis.com\/blog\/index.php?rest_route=%2Fwp%2Fv2%2Fcomments&post=31046"}],"version-history":[{"count":3,"href":"http:\/\/karin.stampis.com\/blog\/index.php?rest_route=\/wp\/v2\/posts\/31046\/revisions"}],"predecessor-version":[{"id":31055,"href":"http:\/\/karin.stampis.com\/blog\/index.php?rest_route=\/wp\/v2\/posts\/31046\/revisions\/31055"}],"wp:attachment":[{"href":"http:\/\/karin.stampis.com\/blog\/index.php?rest_route=%2Fwp%2Fv2%2Fmedia&parent=31046"}],"wp:term":[{"taxonomy":"category","embeddable":true,"href":"http:\/\/karin.stampis.com\/blog\/index.php?rest_route=%2Fwp%2Fv2%2Fcategories&post=31046"},{"taxonomy":"post_tag","embeddable":true,"href":"http:\/\/karin.stampis.com\/blog\/index.php?rest_route=%2Fwp%2Fv2%2Ftags&post=31046"}],"curies":[{"name":"wp","href":"https:\/\/api.w.org\/{rel}","templated":true}]}}