{"id":3105,"date":"2009-04-11T08:16:55","date_gmt":"2009-04-11T07:16:55","guid":{"rendered":"http:\/\/karin.stampis.com\/blog\/?p=3105"},"modified":"2009-04-11T10:29:31","modified_gmt":"2009-04-11T08:29:31","slug":"harliga-ledighetsdagar","status":"publish","type":"post","link":"http:\/\/karin.stampis.com\/blog\/?p=3105","title":{"rendered":"H\u00e4rliga ledighetsdagar"},"content":{"rendered":"<p>Var helt underbart v\u00e4der h\u00e4r ig\u00e5r, upp emot 19 grader, och det ser lovande ut idag med \ud83d\ude42 .<\/p>\n<p>F\u00f6rmiddagen spenderades sittande i tr\u00e4dg\u00e5rden med en god bok och gott roobois jordgubbs och vanilj-te.<\/p>\n<p><img loading=\"lazy\" decoding=\"async\" class=\"aligncenter size-medium wp-image-3099\" title=\"tradgayrd-11\" src=\"http:\/\/karin.stampis.com\/blog\/wp-content\/uploads\/2009\/04\/tradgayrd-11-360x270.jpg\" alt=\"tradgayrd-11\" width=\"360\" height=\"270\" srcset=\"http:\/\/karin.stampis.com\/blog\/wp-content\/uploads\/2009\/04\/tradgayrd-11-360x270.jpg 360w, http:\/\/karin.stampis.com\/blog\/wp-content\/uploads\/2009\/04\/tradgayrd-11.jpg 1000w\" sizes=\"auto, (max-width: 360px) 100vw, 360px\" \/><\/p>\n<p>Sen gick vi en promenad p\u00e5 eftermiddagen i lantliga omgivningar. Det var varmt s\u00e5 man kunde ha bara linne p\u00e5 sig &#8211; fick en del kommentarer sen om att jag s\u00e5g lite r\u00f6d ut&#8230;<\/p>\n<p><img loading=\"lazy\" decoding=\"async\" class=\"aligncenter size-medium wp-image-3114\" title=\"promenix-11\" src=\"http:\/\/karin.stampis.com\/blog\/wp-content\/uploads\/2009\/04\/promenix-11-360x270.jpg\" alt=\"promenix-11\" width=\"360\" height=\"270\" srcset=\"http:\/\/karin.stampis.com\/blog\/wp-content\/uploads\/2009\/04\/promenix-11-360x270.jpg 360w, http:\/\/karin.stampis.com\/blog\/wp-content\/uploads\/2009\/04\/promenix-11.jpg 1000w\" sizes=\"auto, (max-width: 360px) 100vw, 360px\" \/><\/p>\n<p>Gick i tv\u00e5 timmar tills vi kom fram till havet. Satt och nj\u00f6t av solen ute p\u00e5 bryggan.<\/p>\n<p><img loading=\"lazy\" decoding=\"async\" class=\"aligncenter size-medium wp-image-3103\" title=\"promenix-1-2\" src=\"http:\/\/karin.stampis.com\/blog\/wp-content\/uploads\/2009\/04\/promenix-1-2-360x270.jpg\" alt=\"promenix-1-2\" width=\"360\" height=\"270\" srcset=\"http:\/\/karin.stampis.com\/blog\/wp-content\/uploads\/2009\/04\/promenix-1-2-360x270.jpg 360w, http:\/\/karin.stampis.com\/blog\/wp-content\/uploads\/2009\/04\/promenix-1-2.jpg 1000w\" sizes=\"auto, (max-width: 360px) 100vw, 360px\" \/><\/p>\n<p>Dagen avslutades med en god och trevlig p\u00e5skmiddag med sl\u00e4ktingarna.<\/p>\n<p>\u00c4ven p\u00e5 torsdagen var vi ute och gick i tv\u00e5 timmar. D\u00e5 tog vi med riessenschnausern Olga p\u00e5 promenaden.<\/p>\n<p><img loading=\"lazy\" decoding=\"async\" class=\"aligncenter size-medium wp-image-3101\" title=\"olga-11\" src=\"http:\/\/karin.stampis.com\/blog\/wp-content\/uploads\/2009\/04\/olga-11-360x270.jpg\" alt=\"olga-11\" width=\"360\" height=\"270\" srcset=\"http:\/\/karin.stampis.com\/blog\/wp-content\/uploads\/2009\/04\/olga-11-360x270.jpg 360w, http:\/\/karin.stampis.com\/blog\/wp-content\/uploads\/2009\/04\/olga-11.jpg 1000w\" sizes=\"auto, (max-width: 360px) 100vw, 360px\" \/><\/p>\n<p><img loading=\"lazy\" decoding=\"async\" class=\"aligncenter size-medium wp-image-3100\" title=\"olga-1-21\" src=\"http:\/\/karin.stampis.com\/blog\/wp-content\/uploads\/2009\/04\/olga-1-21-238x360.jpg\" alt=\"olga-1-21\" width=\"238\" height=\"360\" srcset=\"http:\/\/karin.stampis.com\/blog\/wp-content\/uploads\/2009\/04\/olga-1-21-238x360.jpg 238w, http:\/\/karin.stampis.com\/blog\/wp-content\/uploads\/2009\/04\/olga-1-21.jpg 662w\" sizes=\"auto, (max-width: 238px) 100vw, 238px\" \/><\/p>\n","protected":false},"excerpt":{"rendered":"<p>Var helt underbart v\u00e4der h\u00e4r ig\u00e5r, upp emot 19 grader, och det ser lovande ut idag med \ud83d\ude42 . F\u00f6rmiddagen spenderades sittande i tr\u00e4dg\u00e5rden med en god bok och gott roobois jordgubbs och vanilj-te. Sen gick vi en promenad p\u00e5 &hellip; <a href=\"http:\/\/karin.stampis.com\/blog\/?p=3105\">Continue reading <span class=\"meta-nav\">&rarr;<\/span><\/a><\/p>\n","protected":false},"author":1,"featured_media":0,"comment_status":"open","ping_status":"open","sticky":false,"template":"","format":"standard","meta":{"footnotes":""},"categories":[191],"tags":[92,180],"class_list":["post-3105","post","type-post","status-publish","format-standard","hentry","category-april-2009","tag-landet","tag-var"],"_links":{"self":[{"href":"http:\/\/karin.stampis.com\/blog\/index.php?rest_route=\/wp\/v2\/posts\/3105","targetHints":{"allow":["GET"]}}],"collection":[{"href":"http:\/\/karin.stampis.com\/blog\/index.php?rest_route=\/wp\/v2\/posts"}],"about":[{"href":"http:\/\/karin.stampis.com\/blog\/index.php?rest_route=\/wp\/v2\/types\/post"}],"author":[{"embeddable":true,"href":"http:\/\/karin.stampis.com\/blog\/index.php?rest_route=\/wp\/v2\/users\/1"}],"replies":[{"embeddable":true,"href":"http:\/\/karin.stampis.com\/blog\/index.php?rest_route=%2Fwp%2Fv2%2Fcomments&post=3105"}],"version-history":[{"count":17,"href":"http:\/\/karin.stampis.com\/blog\/index.php?rest_route=\/wp\/v2\/posts\/3105\/revisions"}],"predecessor-version":[{"id":3126,"href":"http:\/\/karin.stampis.com\/blog\/index.php?rest_route=\/wp\/v2\/posts\/3105\/revisions\/3126"}],"wp:attachment":[{"href":"http:\/\/karin.stampis.com\/blog\/index.php?rest_route=%2Fwp%2Fv2%2Fmedia&parent=3105"}],"wp:term":[{"taxonomy":"category","embeddable":true,"href":"http:\/\/karin.stampis.com\/blog\/index.php?rest_route=%2Fwp%2Fv2%2Fcategories&post=3105"},{"taxonomy":"post_tag","embeddable":true,"href":"http:\/\/karin.stampis.com\/blog\/index.php?rest_route=%2Fwp%2Fv2%2Ftags&post=3105"}],"curies":[{"name":"wp","href":"https:\/\/api.w.org\/{rel}","templated":true}]}}