{"id":31119,"date":"2023-11-28T14:16:28","date_gmt":"2023-11-28T13:16:28","guid":{"rendered":"http:\/\/karin.stampis.com\/blog\/?p=31119"},"modified":"2023-11-28T14:16:40","modified_gmt":"2023-11-28T13:16:40","slug":"covid","status":"publish","type":"post","link":"http:\/\/karin.stampis.com\/blog\/?p=31119","title":{"rendered":"Covid"},"content":{"rendered":"\n<p>Nu har jag f\u00e5tt covid igen&#8230; Det har varit 5 dagar med feber och s\u00e4ngliggande (\u00e4n s\u00e5 l\u00e4nge, still counting&#8230;). I b\u00f6rjan hade jag en helt sinnessjuk hosta, vilket var ganska illa efersom jag redan varit f\u00f6rkyld och hostat mestadelen av de senaste tre veckorna och d\u00e5 skadat revbenet rej\u00e4lt p.g.a. alla hostattacker. En ny omg\u00e5ng hosta p\u00e5 det har inte direkt gjort det b\u00e4ttre. V\u00e5rdcentralen fick \u00e4ven dom m\u00f6jlighet att visa upp sin inkompetens (men jag fick faktiskt en tid pga hosta &#8211; det har jag aldrig lyckats f\u00e5 f\u00f6rr). Covidtestet tog jag hemma, d\u00e5 v\u00e5rdcentralen inte f\u00f6r ett \u00f6gonblick reflekterade att detta kunde vara anledningen till min hosta. V\u00e5rdcentralen sa att de aldrig utreder vad hosta beror p\u00e5, och att de av princip aldrig heller skriver ut receptbelagda hostmediciner (och damen i v\u00e4xeln sa dessutom att jag inte skulle argumentera emot dom f\u00f6r d\u00e5 anstr\u00e4ngde jag mina luftv\u00e4gar, och det var ju det som jag absolut inte skulle g\u00f6ra. Gaaaah!). Jaja. Men covid var det i alla fall, och jag tror att jag plockade upp det p\u00e5 bussen till Malm\u00f6 (jag var i Malm\u00f6 4 dagar under f\u00f6rra veckan). Ytterligare en anledning att k\u00e4nna aversion mot Malm\u00f6bussen (f\u00f6rutom faktumet att det tar 2,5 ggr s\u00e5 l\u00e5ng tid fr\u00e5n hemmet till jobbet j\u00e4mf\u00f6rt med att \u00e5ka bil, och faktiskt \u00e4ven l\u00e4ngre tid att det tar att cykla elcykel).<\/p>\n\n\n\n<p>S\u00e5 nu \u00e4r jag sjukledig och sovrummet \u00e4r min bostad. Jag \u00e4r t.o.m s\u00e5 risig att jag inte kan laga mat, vilket knappt har h\u00e4nt f\u00f6rut. S\u00e5, efter att l\u00f6st tv\u00e5 dagar i helgen med pizzah\u00e4mtmat s\u00e5 skickade jag i s\u00f6ndags ett recept till killarna och de hj\u00e4lptes \u00e5t s\u00e5 fint. Superduktiga och S\u00c5 gott det blev! \ud83d\ude42 . <a href=\"https:\/\/www.kokaihop.se\/recept\/flaskfile-flamenco\">Detta<\/a> lagade dom.<\/p>\n\n\n\n<figure class=\"wp-block-image size-large\"><img loading=\"lazy\" decoding=\"async\" width=\"1024\" height=\"768\" src=\"http:\/\/karin.stampis.com\/blog\/wp-content\/uploads\/2023\/11\/20231126_152759-1024x768.jpg\" alt=\"\" class=\"wp-image-31121\" srcset=\"http:\/\/karin.stampis.com\/blog\/wp-content\/uploads\/2023\/11\/20231126_152759-1024x768.jpg 1024w, http:\/\/karin.stampis.com\/blog\/wp-content\/uploads\/2023\/11\/20231126_152759-360x270.jpg 360w, http:\/\/karin.stampis.com\/blog\/wp-content\/uploads\/2023\/11\/20231126_152759-768x576.jpg 768w, http:\/\/karin.stampis.com\/blog\/wp-content\/uploads\/2023\/11\/20231126_152759-1536x1152.jpg 1536w, http:\/\/karin.stampis.com\/blog\/wp-content\/uploads\/2023\/11\/20231126_152759.jpg 2000w\" sizes=\"auto, (max-width: 1024px) 100vw, 1024px\" \/><\/figure>\n\n\n\n<figure class=\"wp-block-image size-large\"><img loading=\"lazy\" decoding=\"async\" width=\"1024\" height=\"788\" src=\"http:\/\/karin.stampis.com\/blog\/wp-content\/uploads\/2023\/11\/20231126_153508-1024x788.jpg\" alt=\"\" class=\"wp-image-31120\" srcset=\"http:\/\/karin.stampis.com\/blog\/wp-content\/uploads\/2023\/11\/20231126_153508-1024x788.jpg 1024w, http:\/\/karin.stampis.com\/blog\/wp-content\/uploads\/2023\/11\/20231126_153508-360x277.jpg 360w, http:\/\/karin.stampis.com\/blog\/wp-content\/uploads\/2023\/11\/20231126_153508-768x591.jpg 768w, http:\/\/karin.stampis.com\/blog\/wp-content\/uploads\/2023\/11\/20231126_153508-1536x1182.jpg 1536w, http:\/\/karin.stampis.com\/blog\/wp-content\/uploads\/2023\/11\/20231126_153508.jpg 2000w\" sizes=\"auto, (max-width: 1024px) 100vw, 1024px\" \/><\/figure>\n","protected":false},"excerpt":{"rendered":"<p>Nu har jag f\u00e5tt covid igen&#8230; Det har varit 5 dagar med feber och s\u00e4ngliggande (\u00e4n s\u00e5 l\u00e4nge, still counting&#8230;). I b\u00f6rjan hade jag en helt sinnessjuk hosta, vilket var ganska illa efersom jag redan varit f\u00f6rkyld och hostat mestadelen &hellip; <a href=\"http:\/\/karin.stampis.com\/blog\/?p=31119\">Continue reading <span class=\"meta-nav\">&rarr;<\/span><\/a><\/p>\n","protected":false},"author":1,"featured_media":0,"comment_status":"open","ping_status":"open","sticky":false,"template":"","format":"standard","meta":{"footnotes":""},"categories":[519,533],"tags":[],"class_list":["post-31119","post","type-post","status-publish","format-standard","hentry","category-519","category-november-2023"],"_links":{"self":[{"href":"http:\/\/karin.stampis.com\/blog\/index.php?rest_route=\/wp\/v2\/posts\/31119","targetHints":{"allow":["GET"]}}],"collection":[{"href":"http:\/\/karin.stampis.com\/blog\/index.php?rest_route=\/wp\/v2\/posts"}],"about":[{"href":"http:\/\/karin.stampis.com\/blog\/index.php?rest_route=\/wp\/v2\/types\/post"}],"author":[{"embeddable":true,"href":"http:\/\/karin.stampis.com\/blog\/index.php?rest_route=\/wp\/v2\/users\/1"}],"replies":[{"embeddable":true,"href":"http:\/\/karin.stampis.com\/blog\/index.php?rest_route=%2Fwp%2Fv2%2Fcomments&post=31119"}],"version-history":[{"count":2,"href":"http:\/\/karin.stampis.com\/blog\/index.php?rest_route=\/wp\/v2\/posts\/31119\/revisions"}],"predecessor-version":[{"id":31123,"href":"http:\/\/karin.stampis.com\/blog\/index.php?rest_route=\/wp\/v2\/posts\/31119\/revisions\/31123"}],"wp:attachment":[{"href":"http:\/\/karin.stampis.com\/blog\/index.php?rest_route=%2Fwp%2Fv2%2Fmedia&parent=31119"}],"wp:term":[{"taxonomy":"category","embeddable":true,"href":"http:\/\/karin.stampis.com\/blog\/index.php?rest_route=%2Fwp%2Fv2%2Fcategories&post=31119"},{"taxonomy":"post_tag","embeddable":true,"href":"http:\/\/karin.stampis.com\/blog\/index.php?rest_route=%2Fwp%2Fv2%2Ftags&post=31119"}],"curies":[{"name":"wp","href":"https:\/\/api.w.org\/{rel}","templated":true}]}}