{"id":31214,"date":"2024-04-07T09:31:37","date_gmt":"2024-04-07T08:31:37","guid":{"rendered":"http:\/\/karin.stampis.com\/blog\/?p=31214"},"modified":"2024-03-31T09:37:03","modified_gmt":"2024-03-31T08:37:03","slug":"2023","status":"publish","type":"post","link":"http:\/\/karin.stampis.com\/blog\/?p=31214","title":{"rendered":"2023"},"content":{"rendered":"\n<p>Jag b\u00f6rjade min 2023-kr\u00f6nika i god tid, men sen s\u00e5 har det varit mycket annat och lite tid till bloggen, s\u00e5 den blev inte f\u00e4rdigst\u00e4lld f\u00f6rr\u00e4n nu. H\u00e4r kommer den:<\/p>\n\n\n\n<p>S\u00e5 var 2023 snart till \u00e4nd\u00e5. S\u00e5som jag brukar g\u00f6ra s\u00e5 h\u00e4nger jag p\u00e5 \u00e5rssammanfattningen fr\u00e5n f\u00f6rra \u00e5ret och mina tankar inf\u00f6r det kommande \u00e5retr, och ser hur det blev:<\/p>\n\n\n\n<p><em>Fr\u00e5n f\u00f6rra \u00e5ret: &#8220;Jag k\u00e4nner mig lite matt inf\u00f6r 2023 och har inte t\u00e4nkt s\u00e5 mycket inf\u00f6r \u00e5ret om vad vi ska g\u00f6ra och vad jag vill f\u00e5 ut av \u00e5ret. Men i \u00e5r hoppas vi komma iv\u00e4g p\u00e5 v\u00e5r Lollo&amp;Bernie resa till Kanarie\u00f6arna som vi fick flytta fram 1 \u00e5r pga corona. Sen har jag \u00e4ven en konferens i Barcelona inbokad. Annars s\u00e5 har vi inte planerat s\u00e5 mycket. Jag hoppas kunna fokusera p\u00e5 saker som \u00e4r positiva och som man kan p\u00e5verka, och jag hoppas att det negativa ska f\u00e5 mindre utrymme \u00e4n det alltf\u00f6r stora utrymme det fick under 2022. Jag hoppas att alla n\u00e4ra har h\u00e4lsan. Jag vill g\u00f6ra mer roliga saker med barnen, dom v\u00e4xer s\u00e5 snabbt och snart kanske dom inte vill gosa i min famn. Hade \u00e4ven varit trevligt om man hade kunnat komma iv\u00e4g p\u00e5 restaurang med maken i lugn och ro n\u00e5gon g\u00e5ng i \u00e5r. Jag hoppas \u00e4ven att det g\u00e5r bra med Malm\u00f6-samarbetet p\u00e5 jobbet \u2013 det kommer nog att vara v\u00e4ldigt mycket jobb med detta men ocks\u00e5 m\u00f6jligheter att f\u00e5 riktigt anv\u00e4ndbara kunskaper. Jag hoppas jag att jag kan b\u00f6rja springa n\u00e5gon g\u00e5ng i \u00e5r. Och att vi f\u00e5r \u00e4pplen i tr\u00e4dg\u00e5rden detta \u00e5ret \ud83d\ude09 .&#8221;<\/em><\/p>\n\n\n\n<p>Facit p\u00e5 det: Vi kom iv\u00e4g till Lollo och Bernie! Det var h\u00e4rligt (\u00e4ven om grabbarna blev sjuka under en del av resan). Konferensen i Barcelona kom jag \u00e4ven den iv\u00e4g p\u00e5. Det var roligt att se Barcelona och sk\u00f6nt med en lite extra tidig v\u00e5r.<\/p>\n\n\n\n<figure class=\"wp-block-image size-large\"><img loading=\"lazy\" decoding=\"async\" width=\"2000\" height=\"1500\" src=\"http:\/\/karin.stampis.com\/blog\/wp-content\/uploads\/2024\/03\/20230219_214115-2.jpg\" alt=\"\" class=\"wp-image-31371\"\/><\/figure>\n\n\n\n<p><em>Lollo och Bernie!<\/em><\/p>\n\n\n\n<figure class=\"wp-block-image size-large\"><img loading=\"lazy\" decoding=\"async\" width=\"2000\" height=\"1500\" src=\"http:\/\/karin.stampis.com\/blog\/wp-content\/uploads\/2024\/03\/20230330_123331.jpg\" alt=\"\" class=\"wp-image-31372\"\/><\/figure>\n\n\n\n<p><em>Sk\u00f6nt v\u00e5rv\u00e4der i Barcelona.<\/em><\/p>\n\n\n\n<p>Tyv\u00e4rr var det lite sv\u00e5rt att fokusera p\u00e5 det postiva, d\u00e5 \u00e5ret innebar r\u00e4tt mycket negativa saker. Alla n\u00e4ra (inkl mig sj\u00e4lv) hade inte h\u00e4lsan i \u00e5r, tyv\u00e4rr. Fr\u00e4mst moffa \ud83d\ude41 . Sl\u00e4ktgrejorna \u00e4r inte slut (och de har varit otroligt p\u00e5frestande och tidskr\u00e4vande) men de \u00e4r i alla fall en bit p\u00e5 v\u00e4g till slutet nu (hoppas jag i alla fall).  Jag har inte hunnit g\u00f6ra s\u00e5 m\u00e5nga roliga saker med barnen, eller maken, som jag \u00f6nskat, men en del kul saker har vi hittat p\u00e5. Malm\u00f6-samarbetet p\u00e5 jobbet har g\u00e5tt bra &#8211; dock har det jobbet \u00e4ndrats till att vara ett jobb d\u00e4r man ska vara p\u00e5 plats, s\u00e5 det \u00e4r p\u00e5 s\u00e5 s\u00e4tt bra att jag inte jobbar heltid d\u00e4r (minst 2,5h pendling per dag..). Dock har jag k\u00f6pt en elcykel som \u00e4r helt fenomenal, och som gjorde transporten dit mycket roligare (och snabbare \u00e4n bussen!). Hann dock inte anv\u00e4nda den s\u00e5 mycket f\u00f6rr\u00e4n jag skadade kn\u00e4et och blev sjuk. Jag hade dock en liten lucka p\u00e5 sommar\/h\u00f6st (innan jag skadade kn\u00e4et) d\u00e5 min h\u00e4lsporre var OK, s\u00e5 n\u00e5gra l\u00f6pturer kom jag ut p\u00e5. Och d\u00e5 vi var p\u00e5 Lollo och Bernie s\u00e5 tr\u00e4nade jag tabata, vilket jag har fortsatt med. \u00d6ht s\u00e5 har jag f\u00f6rs\u00f6kt prioriera tr\u00e4ning, d\u00e5 man m\u00e5r s\u00e5 mycket b\u00e4ttre av det och f\u00e5r b\u00e4ttre stresst\u00e5lighet. Dock har det f\u00e5tt stryka p\u00e5 foten i slutet av \u00e5ret d\u00e5 jag hade en riktigt l\u00e5ng period med hosta, som resulterade i en revbensfraktur (ej l\u00e4kt \u00e4n), och sen s\u00e5 var jag \u00e4ven s\u00e4ngliggande i covid i en vecka.<\/p>\n\n\n\n<p>Men \u00e4pplen i tr\u00e4dg\u00e5rden fick vi \ud83d\ude42 (om \u00e4n r\u00e4tt s\u00e5 mask\/f\u00e5gel-\u00e4tna). Ingrid-Marie och Katja levererade mest. Annars s\u00e5 blev det inte n\u00e5gon tid f\u00f6r att fixa i tr\u00e4dg\u00e5rden &#8211; dock s\u00e5 anlade jag en liten rabatt i Sl\u00e4ttar\u00f6d.<\/p>\n\n\n\n<p>Killarna har haft det bra \ud83d\ude42 . De trivs i sina klasser och i skolan. De \u00e4r kloka och gosiga, men tyv\u00e4rr fortfarande alltf\u00f6r sk\u00e4rmberoende (fr\u00e4mst FIFA, Robblox) hur man \u00e4n f\u00f6rs\u00f6ker att minska detta. Alfred har spelat en hel del fotbolls\/handbolls matcher och turneringar. Viktor har tr\u00e4nat lite fotboll.<\/p>\n\n\n\n<p>F\u00f6rsommaren bj\u00f6d p\u00e5 sol, och det var mycket varmt och torrt \u00e4nd\u00e5 tills det var dags f\u00f6r v\u00e5r semester. D\u00e5 v\u00e4nde det :p .Vi \u00e5kte en tur till Norrland via Skara sommarland. Mycket  jaccuzi blev det, samt fiske, utflykter, prison island m.m.<\/p>\n\n\n\n<figure class=\"wp-block-image size-full\"><img loading=\"lazy\" decoding=\"async\" width=\"2000\" height=\"1500\" src=\"http:\/\/karin.stampis.com\/blog\/wp-content\/uploads\/2024\/03\/20230711_195848-1.jpg\" alt=\"\" class=\"wp-image-31374\"\/><\/figure>\n\n\n\n<p><em>Fiske p\u00e5 Aln\u00f6n<\/em><\/p>\n\n\n\n<figure class=\"wp-block-gallery has-nested-images columns-default is-cropped wp-block-gallery-1 is-layout-flex wp-block-gallery-is-layout-flex\">\n<figure class=\"wp-block-image size-large\"><img loading=\"lazy\" decoding=\"async\" width=\"2000\" height=\"1500\" data-id=\"31375\" src=\"http:\/\/karin.stampis.com\/blog\/wp-content\/uploads\/2024\/03\/20230706_114958.jpg\" alt=\"\" class=\"wp-image-31375\"\/><\/figure>\n<\/figure>\n\n\n\n<p><em>Skara Sommarland<\/em><\/p>\n\n\n\n<p>En ny hobby har vi f\u00e5tt &#8211; l\u00e4gga pussel! Viktor l\u00e4gger fortfarande sina gamla formpussel d\u00e5 och d\u00e5, och vi l\u00e4gger JvH 1000 bitars pussel.<\/p>\n\n\n\n<figure class=\"wp-block-image size-full\"><img loading=\"lazy\" decoding=\"async\" width=\"2000\" height=\"1500\" src=\"http:\/\/karin.stampis.com\/blog\/wp-content\/uploads\/2024\/03\/20240329_195358.jpg\" alt=\"\" class=\"wp-image-31376\"\/><\/figure>\n\n\n\n<figure class=\"wp-block-image size-large\"><img loading=\"lazy\" decoding=\"async\" width=\"1500\" height=\"2000\" src=\"http:\/\/karin.stampis.com\/blog\/wp-content\/uploads\/2024\/03\/20230103_174202.jpg\" alt=\"\" class=\"wp-image-31377\"\/><\/figure>\n\n\n\n<p>Jag och Jimmy kom \u00e4nd\u00e5 iv\u00e4g p\u00e5 en del miniweekends &#8211; Spa i Kivik en lugn januarihelg, B\u00e4ckaskogs slott i h\u00e4rligt v\u00e4der d\u00e5 Jimmy fyllde \u00e5r, Varbergs spa i juni ,Wan\u00e5s slott i December (f\u00f6rsenad br\u00f6llopsdagsresa).<\/p>\n\n\n\n<figure class=\"wp-block-image size-large\"><img loading=\"lazy\" decoding=\"async\" width=\"2000\" height=\"1500\" src=\"http:\/\/karin.stampis.com\/blog\/wp-content\/uploads\/2024\/03\/20230121_153240.jpg\" alt=\"\" class=\"wp-image-31383\"\/><\/figure>\n\n\n\n<p><em>Kivik Spa<\/em><\/p>\n\n\n\n<figure class=\"wp-block-image size-large\"><img loading=\"lazy\" decoding=\"async\" width=\"2000\" height=\"1500\" src=\"http:\/\/karin.stampis.com\/blog\/wp-content\/uploads\/2024\/03\/20230513_215527.jpg\" alt=\"\" class=\"wp-image-31384\"\/><\/figure>\n\n\n\n<p><em>Kv\u00e4llspromenad vid B\u00e4ckaskogs slott<\/em><\/p>\n\n\n\n<figure class=\"wp-block-image size-large\"><img loading=\"lazy\" decoding=\"async\" width=\"1500\" height=\"2000\" src=\"http:\/\/karin.stampis.com\/blog\/wp-content\/uploads\/2024\/03\/20230616_155236.jpg\" alt=\"\" class=\"wp-image-31379\"\/><\/figure>\n\n\n\n<p><em>Varbergs spa<\/em><\/p>\n\n\n\n<figure class=\"wp-block-image size-large\"><img loading=\"lazy\" decoding=\"async\" width=\"2000\" height=\"1500\" src=\"http:\/\/karin.stampis.com\/blog\/wp-content\/uploads\/2024\/03\/20231209_190305.jpg\" alt=\"\" class=\"wp-image-31380\"\/><\/figure>\n\n\n\n<p><em>Matsalen vid Wan\u00e5s slott<\/em><\/p>\n\n\n\n<p>Lite utflykter med barnen blev det, \u00e4ven om vi tyv\u00e4rr har tappat mycket d\u00e5 det g\u00e4ller skogspromenader etc. Men vi var iaf p\u00e5 Djurholmen, Fulltofta, Linnebjer, Stenhuvud, \u00d6vedskloster, Ales stenar och R\u00f6varekulan. <\/p>\n\n\n\n<figure class=\"wp-block-image size-large\"><img loading=\"lazy\" decoding=\"async\" width=\"2000\" height=\"1500\" src=\"http:\/\/karin.stampis.com\/blog\/wp-content\/uploads\/2024\/03\/20230103_133043.jpg\" alt=\"\" class=\"wp-image-31398\"\/><\/figure>\n\n\n\n<p><em>Djurholmen<\/em><\/p>\n\n\n\n<figure class=\"wp-block-image size-large\"><img loading=\"lazy\" decoding=\"async\" width=\"1500\" height=\"2000\" src=\"http:\/\/karin.stampis.com\/blog\/wp-content\/uploads\/2024\/03\/20230326_112034.jpg\" alt=\"\" class=\"wp-image-31399\"\/><\/figure>\n\n\n\n<p><em>\u00d6vedskloster<\/em><\/p>\n\n\n\n<figure class=\"wp-block-image size-full\"><img loading=\"lazy\" decoding=\"async\" width=\"2000\" height=\"1500\" src=\"http:\/\/karin.stampis.com\/blog\/wp-content\/uploads\/2024\/03\/20230518_124047.jpg\" alt=\"\" class=\"wp-image-31401\"\/><\/figure>\n\n\n\n<p><em>Kastar macka i R\u00f6varekulan<\/em><\/p>\n\n\n\n<figure class=\"wp-block-image size-full\"><img loading=\"lazy\" decoding=\"async\" width=\"2000\" height=\"1500\" src=\"http:\/\/karin.stampis.com\/blog\/wp-content\/uploads\/2024\/03\/20230603_133906.jpg\" alt=\"\" class=\"wp-image-31400\"\/><\/figure>\n\n\n\n<p>Full r\u00f6relse i Linnebjer<\/p>\n\n\n\n<figure class=\"wp-block-gallery has-nested-images columns-default is-cropped wp-block-gallery-2 is-layout-flex wp-block-gallery-is-layout-flex\">\n<figure class=\"wp-block-image size-large\"><img loading=\"lazy\" decoding=\"async\" width=\"1122\" height=\"2000\" data-id=\"31403\" src=\"http:\/\/karin.stampis.com\/blog\/wp-content\/uploads\/2024\/03\/20230909_140848.jpg\" alt=\"\" class=\"wp-image-31403\"\/><\/figure>\n<\/figure>\n\n\n\n<p><em>Ales stenar<\/em><\/p>\n\n\n\n<figure class=\"wp-block-image size-full\"><img loading=\"lazy\" decoding=\"async\" width=\"2000\" height=\"1500\" src=\"http:\/\/karin.stampis.com\/blog\/wp-content\/uploads\/2024\/03\/20231014_155252.jpg\" alt=\"\" class=\"wp-image-31411\"\/><\/figure>\n\n\n\n<p><em>Stenhuvud &#8211; det g\u00e5r att h\u00e4nga p\u00e5 stranden \u00e4ven i mitten av oktober<\/em><\/p>\n\n\n\n<figure class=\"wp-block-image size-full\"><img loading=\"lazy\" decoding=\"async\" width=\"2000\" height=\"1500\" src=\"http:\/\/karin.stampis.com\/blog\/wp-content\/uploads\/2024\/03\/20231104_133035.jpg\" alt=\"\" class=\"wp-image-31412\"\/><\/figure>\n\n\n\n<p><em>Fulltofta i h\u00f6stskrud<\/em><\/p>\n\n\n\n\n\n<p>Vi var p\u00e5 malm\u00f6 museer och Den bl\u00e5 planet, samt p\u00e5 Funnys och bio med Viktor. <\/p>\n\n\n\n<figure class=\"wp-block-image size-large\"><img loading=\"lazy\" decoding=\"async\" width=\"2000\" height=\"1500\" src=\"http:\/\/karin.stampis.com\/blog\/wp-content\/uploads\/2024\/03\/20230109_134023.jpg\" alt=\"\" class=\"wp-image-31386\"\/><\/figure>\n\n\n\n<p><em>Den Bl\u00e5 planet<\/em><\/p>\n\n\n\n<figure class=\"wp-block-image size-large\"><img loading=\"lazy\" decoding=\"async\" width=\"2000\" height=\"1500\" src=\"http:\/\/karin.stampis.com\/blog\/wp-content\/uploads\/2024\/03\/20230129_130035.jpg\" alt=\"\" class=\"wp-image-31387\"\/><\/figure>\n\n\n\n<p><em>Malm\u00f6 Museer<\/em><\/p>\n\n\n\n<figure class=\"wp-block-image size-full\"><img loading=\"lazy\" decoding=\"async\" width=\"2000\" height=\"1500\" src=\"http:\/\/karin.stampis.com\/blog\/wp-content\/uploads\/2024\/03\/20230325_145817.jpg\" alt=\"\" class=\"wp-image-31404\"\/><\/figure>\n\n\n\n<p><em>Funnys<\/em><\/p>\n\n\n\n<p>P\u00e5 sommaren s\u00e5 var vi p\u00e5 Wan\u00e5s konst med Lena och vi var \u00e4ven iv\u00e4g med Lena p\u00e5 v\u00e5r obligatoriska hallonplockartur.<\/p>\n\n\n\n<figure class=\"wp-block-image size-large\"><img loading=\"lazy\" decoding=\"async\" width=\"2000\" height=\"1500\" src=\"http:\/\/karin.stampis.com\/blog\/wp-content\/uploads\/2024\/03\/20230726_164358.jpg\" alt=\"\" class=\"wp-image-31405\"\/><\/figure>\n\n\n\n<p><em>Wan\u00e5s konst<\/em><\/p>\n\n\n\n<figure class=\"wp-block-image size-large\"><img loading=\"lazy\" decoding=\"async\" width=\"1500\" height=\"2000\" src=\"http:\/\/karin.stampis.com\/blog\/wp-content\/uploads\/2024\/03\/20230727_130933.jpg\" alt=\"\" class=\"wp-image-31406\"\/><\/figure>\n\n\n\n<p><em>Hallonplockning<\/em><\/p>\n\n\n\n<p><\/p>\n\n\n\n<p>Det blev en hel del handbolls och fotbollsmatcher f\u00f6r Alfred och kalas f\u00f6r Viktor (inkl hans eget p\u00e5 Leos lekland &#8211; i fotbollsrummet). Det blev \u00e4ven lite fotbollsmatcher f\u00f6r Viktor. Det var \u00e4ven sista \u00e5ret som b\u00e5da sprang Kalvinknatet. De var j\u00e4tteduktiga och Alfred kom fyra!<\/p>\n\n\n\n<figure class=\"wp-block-image size-full\"><img loading=\"lazy\" decoding=\"async\" width=\"2000\" height=\"1500\" src=\"http:\/\/karin.stampis.com\/blog\/wp-content\/uploads\/2024\/03\/20230820_121938.jpg\" alt=\"\" class=\"wp-image-31408\"\/><\/figure>\n\n\n\n<figure class=\"wp-block-image size-large\"><img loading=\"lazy\" decoding=\"async\" width=\"2000\" height=\"1500\" src=\"http:\/\/karin.stampis.com\/blog\/wp-content\/uploads\/2024\/03\/20230527_111744.jpg\" alt=\"\" class=\"wp-image-31388\"\/><\/figure>\n\n\n\n<figure class=\"wp-block-image size-large\"><img loading=\"lazy\" decoding=\"async\" width=\"2000\" height=\"1333\" src=\"http:\/\/karin.stampis.com\/blog\/wp-content\/uploads\/2024\/03\/IMG_8196-2291x1512-1.jpg\" alt=\"\" class=\"wp-image-31389\"\/><\/figure>\n\n\n\n<figure class=\"wp-block-image size-large\"><img loading=\"lazy\" decoding=\"async\" width=\"2000\" height=\"1500\" src=\"http:\/\/karin.stampis.com\/blog\/wp-content\/uploads\/2024\/03\/20230531_190327.jpg\" alt=\"\" class=\"wp-image-31390\"\/><\/figure>\n\n\n\n<p><em>Fotbollskillar och en Kalvin-knatare.<\/em><\/p>\n\n\n\n<p>Vi k\u00f6pte en ny bil, Theo, och v\u00e5r gamla trotj\u00e4nare Erland fick ett annat hem.<\/p>\n\n\n\n<p>Vi var mycket p\u00e5 landet hos Mommo och Moffa. Det blev en hel del turer till Dagsh\u00f6g och Margretetorp.<\/p>\n\n\n\n<figure class=\"wp-block-gallery has-nested-images columns-default is-cropped wp-block-gallery-3 is-layout-flex wp-block-gallery-is-layout-flex\"><\/figure>\n\n\n\n<p> \u00c5ret b\u00f6rjade ocks\u00e5 med v\u00e5r sista visit till Stora huset. Vi var p\u00e5 utflykt i Djurholmen och kollade in tomtarna p\u00e5 skogsstigen.<\/p>\n\n\n\n<figure class=\"wp-block-image size-full\"><img loading=\"lazy\" decoding=\"async\" width=\"2000\" height=\"1500\" src=\"http:\/\/karin.stampis.com\/blog\/wp-content\/uploads\/2024\/03\/20230105_130710.jpg\" alt=\"\" class=\"wp-image-31378\"\/><\/figure>\n\n\n\n<p>Viktor var p\u00e5 fotbollsskola i Augusti, under \u00e5rets regnigaste vecka. Det var \u00f6ht ett mycket regnigt \u00e5r, k\u00e4ndes det som&#8230; Under tiden var Alfred p\u00e5 Lalandia med en kompis.<\/p>\n\n\n\n<p>D\u00e5 Viktor fyllde \u00e5r var vi p\u00e5 en tur till \u00d6land. Bodde p\u00e5 ett mysigt st\u00e4lle och var p\u00e5 \u00d6lands djurpark. Vi var \u00e4ven p\u00e5 Eketorps borg.<\/p>\n\n\n\n<figure class=\"wp-block-image size-full\"><img loading=\"lazy\" decoding=\"async\" width=\"1500\" height=\"2000\" src=\"http:\/\/karin.stampis.com\/blog\/wp-content\/uploads\/2024\/03\/20230812_174310.jpg\" alt=\"\" class=\"wp-image-31392\"\/><\/figure>\n\n\n\n<p><em>\u00d6lands djupark (Alfred har pl\u00e5ster p\u00e5 hakan efter att ramlat d\u00e5 han \u00e5kte skridskor p\u00e5 Lalandia)<\/em><\/p>\n\n\n\n<p>D\u00e5 Alfred fyllde \u00e5r \u00f6vernattade vi p\u00e5 Sk\u00e5nes djurpark, det var h\u00e4ftigt \ud83d\ude42 . <\/p>\n\n\n\n<figure class=\"wp-block-image size-full\"><img loading=\"lazy\" decoding=\"async\" width=\"2000\" height=\"1500\" src=\"http:\/\/karin.stampis.com\/blog\/wp-content\/uploads\/2024\/03\/20231021_170440.jpg\" alt=\"\" class=\"wp-image-31393\"\/><\/figure>\n\n\n\n<p><em>Sk\u00e5nes Djurpark<\/em><\/p>\n\n\n\n<p>Vi hade ett minih\u00f6stlov (l\u00e5ngweekend) d\u00e4r vi gick en runda i Fulltofta och \u00f6vernattade i ett stort hus. <\/p>\n\n\n\n<figure class=\"wp-block-image size-full\"><img loading=\"lazy\" decoding=\"async\" width=\"2000\" height=\"1500\" src=\"http:\/\/karin.stampis.com\/blog\/wp-content\/uploads\/2024\/03\/20231104_193825.jpg\" alt=\"\" class=\"wp-image-31394\"\/><\/figure>\n\n\n\n<p>Vi var \u00e4ven p\u00e5 IKEA (det var flera \u00e5r sedan, s\u00e5 det var en popul\u00e4r utflykt) och Sofiero h\u00f6stljus p\u00e5 h\u00f6stlovet.<\/p>\n\n\n\n<figure class=\"wp-block-image size-large\"><img loading=\"lazy\" decoding=\"async\" width=\"2000\" height=\"1500\" src=\"http:\/\/karin.stampis.com\/blog\/wp-content\/uploads\/2024\/03\/20231102_150848.jpg\" alt=\"\" class=\"wp-image-31413\"\/><\/figure>\n\n\n\n<p><em>IKEA<\/em><\/p>\n\n\n\n<figure class=\"wp-block-image size-large\"><img loading=\"lazy\" decoding=\"async\" width=\"2000\" height=\"1500\" src=\"http:\/\/karin.stampis.com\/blog\/wp-content\/uploads\/2024\/03\/20231102_165053.jpg\" alt=\"\" class=\"wp-image-31414\"\/><\/figure>\n\n\n\n<p><em>Sofiero h\u00f6stljus<\/em><\/p>\n\n\n\n<p>Jimmy var p\u00e5 sin f\u00f6rsta akademiska konferens i Tyskland, s\u00e5 vi andra var ensamma en vecka. D\u00e5 k\u00f6pte vi Erica \ud83d\ude42 .<\/p>\n\n\n\n<figure class=\"wp-block-image size-full\"><img loading=\"lazy\" decoding=\"async\" width=\"1500\" height=\"2000\" src=\"http:\/\/karin.stampis.com\/blog\/wp-content\/uploads\/2024\/03\/20230924_121938.jpg\" alt=\"\" class=\"wp-image-31395\"\/><\/figure>\n\n\n\n<p>Och Alfred fick en f\u00f6delsedagspresent i form av att se Manchester United! Det var en upplevelse!<\/p>\n\n\n\n<figure class=\"wp-block-image size-full\"><img loading=\"lazy\" decoding=\"async\" width=\"2000\" height=\"1500\" src=\"http:\/\/karin.stampis.com\/blog\/wp-content\/uploads\/2024\/03\/20231111_131017.jpg\" alt=\"\" class=\"wp-image-31396\"\/><\/figure>\n\n\n\n<p>Och Jimmy tog sin Licentiatexamen! Han var otroligt duktig \ud83d\ude42 <\/p>\n\n\n\n<figure class=\"wp-block-image size-full\"><img loading=\"lazy\" decoding=\"async\" width=\"2000\" height=\"1500\" src=\"http:\/\/karin.stampis.com\/blog\/wp-content\/uploads\/2024\/03\/20231107_162847.jpg\" alt=\"\" class=\"wp-image-31410\"\/><\/figure>\n\n\n\n<p>Sk\u00f6nt att sammanfatta \u00e5ret, d\u00e5 k\u00e4nns det som man \u00e4nd\u00e5 hade mycket roligt i allt tr\u00e5kigt.<\/p>\n\n\n\n<p>Tankar inf\u00f6r n\u00e4sta \u00e5r? Nu har i och f\u00f6r sig mycket av \u00e5ret g\u00e5tt, men \u00e4nd\u00e5. Det \u00e4r lite repris p\u00e5 vad jag \u00f6nskade om 2023. Det viktigaste \u00e4r att alla n\u00e4ra har h\u00e4lsan, och jag hoppas att Moffa repar sig s\u00e5 bra det bara g\u00e5r. <\/p>\n\n\n\n\n\n<p><\/p>\n","protected":false},"excerpt":{"rendered":"<p>Jag b\u00f6rjade min 2023-kr\u00f6nika i god tid, men sen s\u00e5 har det varit mycket annat och lite tid till bloggen, s\u00e5 den blev inte f\u00e4rdigst\u00e4lld f\u00f6rr\u00e4n nu. H\u00e4r kommer den: S\u00e5 var 2023 snart till \u00e4nd\u00e5. S\u00e5som jag brukar g\u00f6ra &hellip; <a href=\"http:\/\/karin.stampis.com\/blog\/?p=31214\">Continue reading <span class=\"meta-nav\">&rarr;<\/span><\/a><\/p>\n","protected":false},"author":1,"featured_media":0,"comment_status":"open","ping_status":"open","sticky":false,"template":"","format":"standard","meta":{"footnotes":""},"categories":[519,536,541],"tags":[],"class_list":["post-31214","post","type-post","status-publish","format-standard","hentry","category-519","category-536","category-april-2024"],"_links":{"self":[{"href":"http:\/\/karin.stampis.com\/blog\/index.php?rest_route=\/wp\/v2\/posts\/31214","targetHints":{"allow":["GET"]}}],"collection":[{"href":"http:\/\/karin.stampis.com\/blog\/index.php?rest_route=\/wp\/v2\/posts"}],"about":[{"href":"http:\/\/karin.stampis.com\/blog\/index.php?rest_route=\/wp\/v2\/types\/post"}],"author":[{"embeddable":true,"href":"http:\/\/karin.stampis.com\/blog\/index.php?rest_route=\/wp\/v2\/users\/1"}],"replies":[{"embeddable":true,"href":"http:\/\/karin.stampis.com\/blog\/index.php?rest_route=%2Fwp%2Fv2%2Fcomments&post=31214"}],"version-history":[{"count":10,"href":"http:\/\/karin.stampis.com\/blog\/index.php?rest_route=\/wp\/v2\/posts\/31214\/revisions"}],"predecessor-version":[{"id":31416,"href":"http:\/\/karin.stampis.com\/blog\/index.php?rest_route=\/wp\/v2\/posts\/31214\/revisions\/31416"}],"wp:attachment":[{"href":"http:\/\/karin.stampis.com\/blog\/index.php?rest_route=%2Fwp%2Fv2%2Fmedia&parent=31214"}],"wp:term":[{"taxonomy":"category","embeddable":true,"href":"http:\/\/karin.stampis.com\/blog\/index.php?rest_route=%2Fwp%2Fv2%2Fcategories&post=31214"},{"taxonomy":"post_tag","embeddable":true,"href":"http:\/\/karin.stampis.com\/blog\/index.php?rest_route=%2Fwp%2Fv2%2Ftags&post=31214"}],"curies":[{"name":"wp","href":"https:\/\/api.w.org\/{rel}","templated":true}]}}