{"id":31496,"date":"2024-06-15T16:33:29","date_gmt":"2024-06-15T15:33:29","guid":{"rendered":"http:\/\/karin.stampis.com\/blog\/?p=31496"},"modified":"2024-06-15T16:34:19","modified_gmt":"2024-06-15T15:34:19","slug":"solig-maj","status":"publish","type":"post","link":"http:\/\/karin.stampis.com\/blog\/?p=31496","title":{"rendered":"Solig maj"},"content":{"rendered":"\n<p>VI hade en riktig fin och solig maj (d\u00e5 jag som syntes innan t.o.m kunde bada!), och solen h\u00e4ngde med n\u00e5gon dag i juni. <\/p>\n\n\n\n<p>Nu har vi dock en regnig juni. Vi h\u00e5ller tummarna f\u00f6r det blir fint till semestern (3 dagar kvar).<\/p>\n\n\n\n<figure class=\"wp-block-image size-large\"><img loading=\"lazy\" decoding=\"async\" width=\"2000\" height=\"1500\" src=\"http:\/\/karin.stampis.com\/blog\/wp-content\/uploads\/2024\/06\/20240516_171647.jpg\" alt=\"\" class=\"wp-image-31502\"\/><\/figure>\n\n\n\n<figure class=\"wp-block-image size-large\"><img loading=\"lazy\" decoding=\"async\" width=\"2000\" height=\"1500\" src=\"http:\/\/karin.stampis.com\/blog\/wp-content\/uploads\/2024\/06\/20240519_195757.jpg\" alt=\"\" class=\"wp-image-31503\"\/><\/figure>\n\n\n\n<p>Deh\u00f6vde vattna gr\u00e4smattan mycket. D\u00e5 passade Viktor p\u00e5 att leka \ud83d\ude42 <\/p>\n\n\n\n<figure class=\"wp-block-image size-large\"><img loading=\"lazy\" decoding=\"async\" width=\"2000\" height=\"1500\" src=\"http:\/\/karin.stampis.com\/blog\/wp-content\/uploads\/2024\/06\/20240522_085457.jpg\" alt=\"\" class=\"wp-image-31505\"\/><\/figure>\n\n\n\n<p>Vacker morgon p\u00e5 landet.<\/p>\n\n\n\n<figure class=\"wp-block-image size-large\"><img loading=\"lazy\" decoding=\"async\" width=\"2000\" height=\"1500\" src=\"http:\/\/karin.stampis.com\/blog\/wp-content\/uploads\/2024\/06\/20240602_164334.jpg\" alt=\"\" class=\"wp-image-31504\"\/><\/figure>\n\n\n\n<p>Vi pumpade t.o.m upp polen p\u00e5 landet!<\/p>\n","protected":false},"excerpt":{"rendered":"<p>VI hade en riktig fin och solig maj (d\u00e5 jag som syntes innan t.o.m kunde bada!), och solen h\u00e4ngde med n\u00e5gon dag i juni. Nu har vi dock en regnig juni. Vi h\u00e5ller tummarna f\u00f6r det blir fint till semestern &hellip; <a href=\"http:\/\/karin.stampis.com\/blog\/?p=31496\">Continue reading <span class=\"meta-nav\">&rarr;<\/span><\/a><\/p>\n","protected":false},"author":1,"featured_media":0,"comment_status":"open","ping_status":"open","sticky":false,"template":"","format":"standard","meta":{"footnotes":""},"categories":[536,543,542],"tags":[],"class_list":["post-31496","post","type-post","status-publish","format-standard","hentry","category-536","category-juni-2024","category-maj-2024"],"_links":{"self":[{"href":"http:\/\/karin.stampis.com\/blog\/index.php?rest_route=\/wp\/v2\/posts\/31496","targetHints":{"allow":["GET"]}}],"collection":[{"href":"http:\/\/karin.stampis.com\/blog\/index.php?rest_route=\/wp\/v2\/posts"}],"about":[{"href":"http:\/\/karin.stampis.com\/blog\/index.php?rest_route=\/wp\/v2\/types\/post"}],"author":[{"embeddable":true,"href":"http:\/\/karin.stampis.com\/blog\/index.php?rest_route=\/wp\/v2\/users\/1"}],"replies":[{"embeddable":true,"href":"http:\/\/karin.stampis.com\/blog\/index.php?rest_route=%2Fwp%2Fv2%2Fcomments&post=31496"}],"version-history":[{"count":3,"href":"http:\/\/karin.stampis.com\/blog\/index.php?rest_route=\/wp\/v2\/posts\/31496\/revisions"}],"predecessor-version":[{"id":31507,"href":"http:\/\/karin.stampis.com\/blog\/index.php?rest_route=\/wp\/v2\/posts\/31496\/revisions\/31507"}],"wp:attachment":[{"href":"http:\/\/karin.stampis.com\/blog\/index.php?rest_route=%2Fwp%2Fv2%2Fmedia&parent=31496"}],"wp:term":[{"taxonomy":"category","embeddable":true,"href":"http:\/\/karin.stampis.com\/blog\/index.php?rest_route=%2Fwp%2Fv2%2Fcategories&post=31496"},{"taxonomy":"post_tag","embeddable":true,"href":"http:\/\/karin.stampis.com\/blog\/index.php?rest_route=%2Fwp%2Fv2%2Ftags&post=31496"}],"curies":[{"name":"wp","href":"https:\/\/api.w.org\/{rel}","templated":true}]}}