{"id":31521,"date":"2024-07-01T14:21:18","date_gmt":"2024-07-01T13:21:18","guid":{"rendered":"http:\/\/karin.stampis.com\/blog\/?p=31521"},"modified":"2024-07-01T14:21:18","modified_gmt":"2024-07-01T13:21:18","slug":"hejda-min-far","status":"publish","type":"post","link":"http:\/\/karin.stampis.com\/blog\/?p=31521","title":{"rendered":"Hejd\u00e5 min Far"},"content":{"rendered":"\n<p>Nu har min fina far slutligen l\u00e4mnat jordelivet. Du fattas oss fina Moffa. Men nu f\u00e5r du vila fr\u00e5n din pl\u00e5gsamma neurologiska sjukdom. Jag \u00e4r glad att ha haft dig som min pappa. Som du har st\u00e4llt upp f\u00f6r mig och familjen! Aldrig s\u00e5 har jag h\u00f6rt dig s\u00e4ga &#8220;jag har inte tid&#8221;. Du hj\u00e4lpte alltid till och var s\u00e5 engagerad i v\u00e5rt liv och hur gossarna hade. Du fr\u00e5gade alltid &#8220;Hur g\u00e5r det med forskningen&#8221; eller &#8220;hur m\u00e5r gossarna&#8221;? Just &#8220;hur m\u00e5r gossarna&#8221; blev dina sista ord till mig, innan du gick in i den eviga s\u00f6mnen. S\u00e5 karakt\u00e4ristiskt f\u00f6r dig, att t\u00e4nka p\u00e5 andra fram till din sista stund.  <\/p>\n\n\n\n<p>Kram p\u00e5 dig och vila i frid<\/p>\n\n\n\n<figure class=\"wp-block-image size-full\"><img loading=\"lazy\" decoding=\"async\" width=\"19\" height=\"19\" src=\"http:\/\/karin.stampis.com\/blog\/wp-content\/uploads\/2024\/07\/e114281d-4eb7-4b21-9e39-d50ea6c4681b.gif\" alt=\"\" class=\"wp-image-31522\"\/><\/figure>\n\n\n\n<figure class=\"wp-block-image size-full\"><img loading=\"lazy\" decoding=\"async\" width=\"2000\" height=\"1500\" src=\"http:\/\/karin.stampis.com\/blog\/wp-content\/uploads\/2024\/07\/IMG_20240701_145256.jpg\" alt=\"\" class=\"wp-image-31523\"\/><\/figure>\n\n\n\n<p>Jag hittade den h\u00e4r selfien p\u00e5 min fars mobil. Den har n\u00e5gra \u00e5r p\u00e5 nacken men den g\u00f6r mig glad \ud83d\ude42 . <\/p>\n\n\n\n<p> <\/p>\n","protected":false},"excerpt":{"rendered":"<p>Nu har min fina far slutligen l\u00e4mnat jordelivet. Du fattas oss fina Moffa. Men nu f\u00e5r du vila fr\u00e5n din pl\u00e5gsamma neurologiska sjukdom. Jag \u00e4r glad att ha haft dig som min pappa. Som du har st\u00e4llt upp f\u00f6r mig &hellip; <a href=\"http:\/\/karin.stampis.com\/blog\/?p=31521\">Continue reading <span class=\"meta-nav\">&rarr;<\/span><\/a><\/p>\n","protected":false},"author":1,"featured_media":0,"comment_status":"open","ping_status":"open","sticky":false,"template":"","format":"standard","meta":{"footnotes":""},"categories":[536,543],"tags":[],"class_list":["post-31521","post","type-post","status-publish","format-standard","hentry","category-536","category-juni-2024"],"_links":{"self":[{"href":"http:\/\/karin.stampis.com\/blog\/index.php?rest_route=\/wp\/v2\/posts\/31521","targetHints":{"allow":["GET"]}}],"collection":[{"href":"http:\/\/karin.stampis.com\/blog\/index.php?rest_route=\/wp\/v2\/posts"}],"about":[{"href":"http:\/\/karin.stampis.com\/blog\/index.php?rest_route=\/wp\/v2\/types\/post"}],"author":[{"embeddable":true,"href":"http:\/\/karin.stampis.com\/blog\/index.php?rest_route=\/wp\/v2\/users\/1"}],"replies":[{"embeddable":true,"href":"http:\/\/karin.stampis.com\/blog\/index.php?rest_route=%2Fwp%2Fv2%2Fcomments&post=31521"}],"version-history":[{"count":1,"href":"http:\/\/karin.stampis.com\/blog\/index.php?rest_route=\/wp\/v2\/posts\/31521\/revisions"}],"predecessor-version":[{"id":31524,"href":"http:\/\/karin.stampis.com\/blog\/index.php?rest_route=\/wp\/v2\/posts\/31521\/revisions\/31524"}],"wp:attachment":[{"href":"http:\/\/karin.stampis.com\/blog\/index.php?rest_route=%2Fwp%2Fv2%2Fmedia&parent=31521"}],"wp:term":[{"taxonomy":"category","embeddable":true,"href":"http:\/\/karin.stampis.com\/blog\/index.php?rest_route=%2Fwp%2Fv2%2Fcategories&post=31521"},{"taxonomy":"post_tag","embeddable":true,"href":"http:\/\/karin.stampis.com\/blog\/index.php?rest_route=%2Fwp%2Fv2%2Ftags&post=31521"}],"curies":[{"name":"wp","href":"https:\/\/api.w.org\/{rel}","templated":true}]}}