{"id":31605,"date":"2024-08-01T10:30:09","date_gmt":"2024-08-01T09:30:09","guid":{"rendered":"http:\/\/karin.stampis.com\/blog\/?p=31605"},"modified":"2024-07-31T10:30:17","modified_gmt":"2024-07-31T09:30:17","slug":"min-fars-begravning","status":"publish","type":"post","link":"http:\/\/karin.stampis.com\/blog\/?p=31605","title":{"rendered":"Min fars begravning"},"content":{"rendered":"\n<p>Den 30e juli begravdes min k\u00e4re far. Han fick sin sista vila under ett kastanjetr\u00e4d, likt det som han tidigare hade d\u00e4r han bodde. Det var en otroligt fin ceremoni. Vackert v\u00e4der, bra tal av f\u00f6rr\u00e4ttaren, vackra blommor, fin trumpetmusik. Ett fint avslut f\u00f6r en fin pappa.<\/p>\n\n\n\n<figure class=\"wp-block-image size-large\"><img loading=\"lazy\" decoding=\"async\" width=\"1500\" height=\"2000\" src=\"http:\/\/karin.stampis.com\/blog\/wp-content\/uploads\/2024\/07\/20240730_114445.jpg\" alt=\"\" class=\"wp-image-31607\"\/><\/figure>\n\n\n\n<p>Vackra handblommor<\/p>\n\n\n\n<figure class=\"wp-block-image size-large\"><img loading=\"lazy\" decoding=\"async\" width=\"1306\" height=\"2000\" src=\"http:\/\/karin.stampis.com\/blog\/wp-content\/uploads\/2024\/07\/20240730_1334542.jpg\" alt=\"\" class=\"wp-image-31612\"\/><\/figure>\n\n\n\n<figure class=\"wp-block-image size-large\"><img loading=\"lazy\" decoding=\"async\" width=\"1600\" height=\"2000\" src=\"http:\/\/karin.stampis.com\/blog\/wp-content\/uploads\/2024\/07\/20240730_133629.jpg\" alt=\"\" class=\"wp-image-31611\"\/><\/figure>\n\n\n\n<p><\/p>\n\n\n\n<figure class=\"wp-block-image size-large\"><img loading=\"lazy\" decoding=\"async\" width=\"2000\" height=\"1500\" src=\"http:\/\/karin.stampis.com\/blog\/wp-content\/uploads\/2024\/07\/20240730_133107.jpg\" alt=\"\" class=\"wp-image-31610\"\/><\/figure>\n\n\n\n<figure class=\"wp-block-image size-large\"><img loading=\"lazy\" decoding=\"async\" width=\"1500\" height=\"2000\" src=\"http:\/\/karin.stampis.com\/blog\/wp-content\/uploads\/2024\/07\/20240730_141631.jpg\" alt=\"\" class=\"wp-image-31608\"\/><\/figure>\n\n\n\n<figure class=\"wp-block-image size-large\"><img loading=\"lazy\" decoding=\"async\" width=\"2000\" height=\"1500\" src=\"http:\/\/karin.stampis.com\/blog\/wp-content\/uploads\/2024\/07\/20240730_204418.jpg\" alt=\"\" class=\"wp-image-31609\"\/><\/figure>\n\n\n\n<p><\/p>\n","protected":false},"excerpt":{"rendered":"<p>Den 30e juli begravdes min k\u00e4re far. Han fick sin sista vila under ett kastanjetr\u00e4d, likt det som han tidigare hade d\u00e4r han bodde. Det var en otroligt fin ceremoni. Vackert v\u00e4der, bra tal av f\u00f6rr\u00e4ttaren, vackra blommor, fin trumpetmusik. &hellip; <a href=\"http:\/\/karin.stampis.com\/blog\/?p=31605\">Continue reading <span class=\"meta-nav\">&rarr;<\/span><\/a><\/p>\n","protected":false},"author":1,"featured_media":0,"comment_status":"open","ping_status":"open","sticky":false,"template":"","format":"standard","meta":{"footnotes":""},"categories":[536,545,544],"tags":[],"class_list":["post-31605","post","type-post","status-publish","format-standard","hentry","category-536","category-augusti-2024","category-juli-2024"],"_links":{"self":[{"href":"http:\/\/karin.stampis.com\/blog\/index.php?rest_route=\/wp\/v2\/posts\/31605","targetHints":{"allow":["GET"]}}],"collection":[{"href":"http:\/\/karin.stampis.com\/blog\/index.php?rest_route=\/wp\/v2\/posts"}],"about":[{"href":"http:\/\/karin.stampis.com\/blog\/index.php?rest_route=\/wp\/v2\/types\/post"}],"author":[{"embeddable":true,"href":"http:\/\/karin.stampis.com\/blog\/index.php?rest_route=\/wp\/v2\/users\/1"}],"replies":[{"embeddable":true,"href":"http:\/\/karin.stampis.com\/blog\/index.php?rest_route=%2Fwp%2Fv2%2Fcomments&post=31605"}],"version-history":[{"count":2,"href":"http:\/\/karin.stampis.com\/blog\/index.php?rest_route=\/wp\/v2\/posts\/31605\/revisions"}],"predecessor-version":[{"id":31613,"href":"http:\/\/karin.stampis.com\/blog\/index.php?rest_route=\/wp\/v2\/posts\/31605\/revisions\/31613"}],"wp:attachment":[{"href":"http:\/\/karin.stampis.com\/blog\/index.php?rest_route=%2Fwp%2Fv2%2Fmedia&parent=31605"}],"wp:term":[{"taxonomy":"category","embeddable":true,"href":"http:\/\/karin.stampis.com\/blog\/index.php?rest_route=%2Fwp%2Fv2%2Fcategories&post=31605"},{"taxonomy":"post_tag","embeddable":true,"href":"http:\/\/karin.stampis.com\/blog\/index.php?rest_route=%2Fwp%2Fv2%2Ftags&post=31605"}],"curies":[{"name":"wp","href":"https:\/\/api.w.org\/{rel}","templated":true}]}}