{"id":31675,"date":"2024-08-09T06:34:00","date_gmt":"2024-08-09T05:34:00","guid":{"rendered":"http:\/\/karin.stampis.com\/blog\/?p=31675"},"modified":"2024-08-06T09:34:46","modified_gmt":"2024-08-06T08:34:46","slug":"hallonplockande","status":"publish","type":"post","link":"http:\/\/karin.stampis.com\/blog\/?p=31675","title":{"rendered":"Hallonplockande"},"content":{"rendered":"\n<p>I slutet av juli s\u00e5 var vi iv\u00e4g p\u00e5 den \u00e5rliga traditionen &#8220;Hallonplockning med Lena&#8221; p\u00e5 Hallong\u00e5rden. Det var inte s\u00e5 bra med hallon denna g\u00e5ng, s\u00e5 vi plockade inte j\u00e4ttemycket. Jag tycker att jag plockat mindre och mindre f\u00f6r varje \u00e5r, men samtidigt s\u00e5 blir kostnaden ungef\u00e4r densamma&#8230;<\/p>\n\n\n\n<p>Men vi hade lite mer tur med djuren nu \u00e4n f\u00f6rra g\u00e5ngen &#8211; s\u00e5g b\u00e5de h\u00f6nor och kaniner.<\/p>\n\n\n\n<p>Turen avslutades med varsin hallondricka!<\/p>\n\n\n\n<figure class=\"wp-block-image size-large\"><img loading=\"lazy\" decoding=\"async\" width=\"2000\" height=\"1500\" src=\"http:\/\/karin.stampis.com\/blog\/wp-content\/uploads\/2024\/08\/20240727_134725.jpg\" alt=\"\" class=\"wp-image-31677\"\/><\/figure>\n\n\n\n<figure class=\"wp-block-image size-large\"><img loading=\"lazy\" decoding=\"async\" width=\"2000\" height=\"1500\" src=\"http:\/\/karin.stampis.com\/blog\/wp-content\/uploads\/2024\/08\/20240727_135029.jpg\" alt=\"\" class=\"wp-image-31679\"\/><\/figure>\n\n\n\n<figure class=\"wp-block-image size-large\"><img loading=\"lazy\" decoding=\"async\" width=\"2000\" height=\"1500\" src=\"http:\/\/karin.stampis.com\/blog\/wp-content\/uploads\/2024\/08\/20240727_145412.jpg\" alt=\"\" class=\"wp-image-31676\"\/><\/figure>\n","protected":false},"excerpt":{"rendered":"<p>I slutet av juli s\u00e5 var vi iv\u00e4g p\u00e5 den \u00e5rliga traditionen &#8220;Hallonplockning med Lena&#8221; p\u00e5 Hallong\u00e5rden. Det var inte s\u00e5 bra med hallon denna g\u00e5ng, s\u00e5 vi plockade inte j\u00e4ttemycket. Jag tycker att jag plockat mindre och mindre f\u00f6r &hellip; <a href=\"http:\/\/karin.stampis.com\/blog\/?p=31675\">Continue reading <span class=\"meta-nav\">&rarr;<\/span><\/a><\/p>\n","protected":false},"author":1,"featured_media":0,"comment_status":"open","ping_status":"open","sticky":false,"template":"","format":"standard","meta":{"footnotes":""},"categories":[536,545,544],"tags":[],"class_list":["post-31675","post","type-post","status-publish","format-standard","hentry","category-536","category-augusti-2024","category-juli-2024"],"_links":{"self":[{"href":"http:\/\/karin.stampis.com\/blog\/index.php?rest_route=\/wp\/v2\/posts\/31675","targetHints":{"allow":["GET"]}}],"collection":[{"href":"http:\/\/karin.stampis.com\/blog\/index.php?rest_route=\/wp\/v2\/posts"}],"about":[{"href":"http:\/\/karin.stampis.com\/blog\/index.php?rest_route=\/wp\/v2\/types\/post"}],"author":[{"embeddable":true,"href":"http:\/\/karin.stampis.com\/blog\/index.php?rest_route=\/wp\/v2\/users\/1"}],"replies":[{"embeddable":true,"href":"http:\/\/karin.stampis.com\/blog\/index.php?rest_route=%2Fwp%2Fv2%2Fcomments&post=31675"}],"version-history":[{"count":2,"href":"http:\/\/karin.stampis.com\/blog\/index.php?rest_route=\/wp\/v2\/posts\/31675\/revisions"}],"predecessor-version":[{"id":31681,"href":"http:\/\/karin.stampis.com\/blog\/index.php?rest_route=\/wp\/v2\/posts\/31675\/revisions\/31681"}],"wp:attachment":[{"href":"http:\/\/karin.stampis.com\/blog\/index.php?rest_route=%2Fwp%2Fv2%2Fmedia&parent=31675"}],"wp:term":[{"taxonomy":"category","embeddable":true,"href":"http:\/\/karin.stampis.com\/blog\/index.php?rest_route=%2Fwp%2Fv2%2Fcategories&post=31675"},{"taxonomy":"post_tag","embeddable":true,"href":"http:\/\/karin.stampis.com\/blog\/index.php?rest_route=%2Fwp%2Fv2%2Ftags&post=31675"}],"curies":[{"name":"wp","href":"https:\/\/api.w.org\/{rel}","templated":true}]}}