{"id":31700,"date":"2024-08-25T08:11:00","date_gmt":"2024-08-25T07:11:00","guid":{"rendered":"http:\/\/karin.stampis.com\/blog\/?p=31700"},"modified":"2024-08-23T14:12:33","modified_gmt":"2024-08-23T13:12:33","slug":"viktors-fodelsedag-4","status":"publish","type":"post","link":"http:\/\/karin.stampis.com\/blog\/?p=31700","title":{"rendered":"Viktors f\u00f6delsedag"},"content":{"rendered":"\n<p>Viktor fyllde \u00e5r p\u00e5 en varm sommardag (som det brukar vara, f\u00f6rutom \u00e5ret d\u00e5 han f\u00f6ddes d\u00e5 det regnade).<\/p>\n\n\n\n<figure class=\"wp-block-image size-large\"><img loading=\"lazy\" decoding=\"async\" width=\"2000\" height=\"1500\" src=\"http:\/\/karin.stampis.com\/blog\/wp-content\/uploads\/2024\/08\/20240813_093406.jpg\" alt=\"\" class=\"wp-image-31703\"\/><\/figure>\n\n\n\n<p>V\u00e4ckt av sk\u00f6ns\u00e5ng.<\/p>\n\n\n\n<figure class=\"wp-block-image size-large\"><img loading=\"lazy\" decoding=\"async\" width=\"2000\" height=\"1500\" src=\"http:\/\/karin.stampis.com\/blog\/wp-content\/uploads\/2024\/08\/20240813_115911.jpg\" alt=\"\" class=\"wp-image-31704\"\/><\/figure>\n\n\n\n<p>Lite tr\u00e4dkojebyggande hann han med.<\/p>\n\n\n\n<figure class=\"wp-block-image size-large\"><img loading=\"lazy\" decoding=\"async\" width=\"1500\" height=\"2000\" src=\"http:\/\/karin.stampis.com\/blog\/wp-content\/uploads\/2024\/08\/20240813_122710.jpg\" alt=\"\" class=\"wp-image-31702\"\/><\/figure>\n\n\n\n<p>Han fick en ny tr\u00e4ningsklocka!<\/p>\n\n\n\n<figure class=\"wp-block-image size-large\"><img loading=\"lazy\" decoding=\"async\" width=\"2000\" height=\"1500\" src=\"http:\/\/karin.stampis.com\/blog\/wp-content\/uploads\/2024\/08\/20240813_142651.jpg\" alt=\"\" class=\"wp-image-31707\"\/><\/figure>\n\n\n\n<p>Jag bj\u00f6d in till sl\u00e4kten till en f\u00f6delsedagsfest med kort varsel (har lite d\u00e5ligt med foton just d\u00e4rifr\u00e5n). Jag kan inte ta \u00e5t mig \u00e4ran \u00f6ver att ha gjort t\u00e5rtan \ud83d\ude09 <\/p>\n\n\n\n<figure class=\"wp-block-image size-large\"><img loading=\"lazy\" decoding=\"async\" width=\"2000\" height=\"1500\" src=\"http:\/\/karin.stampis.com\/blog\/wp-content\/uploads\/2024\/08\/20240813_171721.jpg\" alt=\"\" class=\"wp-image-31708\"\/><\/figure>\n\n\n\n<p>P\u00e5 kv\u00e4llen hade vi grill och chill (hur chillande nu detta ser ut).<\/p>\n","protected":false},"excerpt":{"rendered":"<p>Viktor fyllde \u00e5r p\u00e5 en varm sommardag (som det brukar vara, f\u00f6rutom \u00e5ret d\u00e5 han f\u00f6ddes d\u00e5 det regnade). V\u00e4ckt av sk\u00f6ns\u00e5ng. Lite tr\u00e4dkojebyggande hann han med. Han fick en ny tr\u00e4ningsklocka! Jag bj\u00f6d in till sl\u00e4kten till en f\u00f6delsedagsfest &hellip; <a href=\"http:\/\/karin.stampis.com\/blog\/?p=31700\">Continue reading <span class=\"meta-nav\">&rarr;<\/span><\/a><\/p>\n","protected":false},"author":1,"featured_media":0,"comment_status":"open","ping_status":"open","sticky":false,"template":"","format":"standard","meta":{"footnotes":""},"categories":[536,545,410,431],"tags":[],"class_list":["post-31700","post","type-post","status-publish","format-standard","hentry","category-536","category-augusti-2024","category-viktor","category-viktor-fyller-ar"],"_links":{"self":[{"href":"http:\/\/karin.stampis.com\/blog\/index.php?rest_route=\/wp\/v2\/posts\/31700","targetHints":{"allow":["GET"]}}],"collection":[{"href":"http:\/\/karin.stampis.com\/blog\/index.php?rest_route=\/wp\/v2\/posts"}],"about":[{"href":"http:\/\/karin.stampis.com\/blog\/index.php?rest_route=\/wp\/v2\/types\/post"}],"author":[{"embeddable":true,"href":"http:\/\/karin.stampis.com\/blog\/index.php?rest_route=\/wp\/v2\/users\/1"}],"replies":[{"embeddable":true,"href":"http:\/\/karin.stampis.com\/blog\/index.php?rest_route=%2Fwp%2Fv2%2Fcomments&post=31700"}],"version-history":[{"count":2,"href":"http:\/\/karin.stampis.com\/blog\/index.php?rest_route=\/wp\/v2\/posts\/31700\/revisions"}],"predecessor-version":[{"id":31710,"href":"http:\/\/karin.stampis.com\/blog\/index.php?rest_route=\/wp\/v2\/posts\/31700\/revisions\/31710"}],"wp:attachment":[{"href":"http:\/\/karin.stampis.com\/blog\/index.php?rest_route=%2Fwp%2Fv2%2Fmedia&parent=31700"}],"wp:term":[{"taxonomy":"category","embeddable":true,"href":"http:\/\/karin.stampis.com\/blog\/index.php?rest_route=%2Fwp%2Fv2%2Fcategories&post=31700"},{"taxonomy":"post_tag","embeddable":true,"href":"http:\/\/karin.stampis.com\/blog\/index.php?rest_route=%2Fwp%2Fv2%2Ftags&post=31700"}],"curies":[{"name":"wp","href":"https:\/\/api.w.org\/{rel}","templated":true}]}}