{"id":31711,"date":"2024-08-26T08:17:00","date_gmt":"2024-08-26T07:17:00","guid":{"rendered":"http:\/\/karin.stampis.com\/blog\/?p=31711"},"modified":"2024-08-23T14:17:37","modified_gmt":"2024-08-23T13:17:37","slug":"fodelsedagstarta","status":"publish","type":"post","link":"http:\/\/karin.stampis.com\/blog\/?p=31711","title":{"rendered":"F\u00f6delsedagst\u00e5rta"},"content":{"rendered":"\n<p>Viktor ville inte ha n\u00e5got kompiskalas i \u00e5r. Min v\u00e4n Cecilia tyckte att han skulle bli firad i alla fall ihop med en kompis, s\u00e5 hon ordnade ett firande av Viktor hemma hos dom \ud83d\ude42 . S\u00e5 sn\u00e4llt!<\/p>\n\n\n\n<figure class=\"wp-block-image size-full\"><img loading=\"lazy\" decoding=\"async\" width=\"1500\" height=\"2000\" src=\"http:\/\/karin.stampis.com\/blog\/wp-content\/uploads\/2024\/08\/20240818_142153.jpg\" alt=\"\" class=\"wp-image-31712\"\/><\/figure>\n","protected":false},"excerpt":{"rendered":"<p>Viktor ville inte ha n\u00e5got kompiskalas i \u00e5r. Min v\u00e4n Cecilia tyckte att han skulle bli firad i alla fall ihop med en kompis, s\u00e5 hon ordnade ett firande av Viktor hemma hos dom \ud83d\ude42 . S\u00e5 sn\u00e4llt!<\/p>\n","protected":false},"author":1,"featured_media":0,"comment_status":"open","ping_status":"open","sticky":false,"template":"","format":"standard","meta":{"footnotes":""},"categories":[536,545,410,431],"tags":[],"class_list":["post-31711","post","type-post","status-publish","format-standard","hentry","category-536","category-augusti-2024","category-viktor","category-viktor-fyller-ar"],"_links":{"self":[{"href":"http:\/\/karin.stampis.com\/blog\/index.php?rest_route=\/wp\/v2\/posts\/31711","targetHints":{"allow":["GET"]}}],"collection":[{"href":"http:\/\/karin.stampis.com\/blog\/index.php?rest_route=\/wp\/v2\/posts"}],"about":[{"href":"http:\/\/karin.stampis.com\/blog\/index.php?rest_route=\/wp\/v2\/types\/post"}],"author":[{"embeddable":true,"href":"http:\/\/karin.stampis.com\/blog\/index.php?rest_route=\/wp\/v2\/users\/1"}],"replies":[{"embeddable":true,"href":"http:\/\/karin.stampis.com\/blog\/index.php?rest_route=%2Fwp%2Fv2%2Fcomments&post=31711"}],"version-history":[{"count":1,"href":"http:\/\/karin.stampis.com\/blog\/index.php?rest_route=\/wp\/v2\/posts\/31711\/revisions"}],"predecessor-version":[{"id":31713,"href":"http:\/\/karin.stampis.com\/blog\/index.php?rest_route=\/wp\/v2\/posts\/31711\/revisions\/31713"}],"wp:attachment":[{"href":"http:\/\/karin.stampis.com\/blog\/index.php?rest_route=%2Fwp%2Fv2%2Fmedia&parent=31711"}],"wp:term":[{"taxonomy":"category","embeddable":true,"href":"http:\/\/karin.stampis.com\/blog\/index.php?rest_route=%2Fwp%2Fv2%2Fcategories&post=31711"},{"taxonomy":"post_tag","embeddable":true,"href":"http:\/\/karin.stampis.com\/blog\/index.php?rest_route=%2Fwp%2Fv2%2Ftags&post=31711"}],"curies":[{"name":"wp","href":"https:\/\/api.w.org\/{rel}","templated":true}]}}