{"id":3197,"date":"2009-04-18T10:16:01","date_gmt":"2009-04-18T08:16:01","guid":{"rendered":"http:\/\/karin.stampis.com\/blog\/?p=3197"},"modified":"2009-04-18T10:16:01","modified_gmt":"2009-04-18T08:16:01","slug":"tjejkvall","status":"publish","type":"post","link":"http:\/\/karin.stampis.com\/blog\/?p=3197","title":{"rendered":"Tjejkv\u00e4ll"},"content":{"rendered":"<p>Var p\u00e5 f\u00f6delsedagsmiddag hos Vicky ig\u00e5r. Underbar mat, kul att vara kompis med med riktiga m\u00e4sterkockar \ud83d\ude42 .<\/p>\n<p>P\u00e5 menyn stod bl.a. sparris och ricotta-mousse, f\u00e4rskpotatis (!), god sallad, pina-colada cupcakes och t\u00e5rta. Mums!<\/p>\n<p>Mycket trevlig kv\u00e4ll! Kom dock i s\u00e4ng myyyycket sent (bussarna till Malm\u00f6 f\u00e5n utkanten av Lund \u00e4r ju inte s\u00e5 frekventa mitt i natten) s\u00e5 f\u00e5r se hur mycket energi jag har f\u00f6r att sj\u00e4lv f\u00f6rs\u00f6ka vara m\u00e4sterkock ikv\u00e4ll&#8230;.<\/p>\n<p><img loading=\"lazy\" decoding=\"async\" class=\"aligncenter size-medium wp-image-3198\" title=\"dsc002091\" src=\"http:\/\/karin.stampis.com\/blog\/wp-content\/uploads\/2009\/04\/dsc002091-360x270.jpg\" alt=\"dsc002091\" width=\"360\" height=\"270\" srcset=\"http:\/\/karin.stampis.com\/blog\/wp-content\/uploads\/2009\/04\/dsc002091-360x270.jpg 360w, http:\/\/karin.stampis.com\/blog\/wp-content\/uploads\/2009\/04\/dsc002091-1024x768.jpg 1024w\" sizes=\"auto, (max-width: 360px) 100vw, 360px\" \/><img loading=\"lazy\" decoding=\"async\" class=\"aligncenter size-medium wp-image-3200\" title=\"dsc002111\" src=\"http:\/\/karin.stampis.com\/blog\/wp-content\/uploads\/2009\/04\/dsc002111-360x270.jpg\" alt=\"dsc002111\" width=\"360\" height=\"270\" srcset=\"http:\/\/karin.stampis.com\/blog\/wp-content\/uploads\/2009\/04\/dsc002111-360x270.jpg 360w, http:\/\/karin.stampis.com\/blog\/wp-content\/uploads\/2009\/04\/dsc002111-1024x768.jpg 1024w\" sizes=\"auto, (max-width: 360px) 100vw, 360px\" \/><\/p>\n","protected":false},"excerpt":{"rendered":"<p>Var p\u00e5 f\u00f6delsedagsmiddag hos Vicky ig\u00e5r. Underbar mat, kul att vara kompis med med riktiga m\u00e4sterkockar \ud83d\ude42 . P\u00e5 menyn stod bl.a. sparris och ricotta-mousse, f\u00e4rskpotatis (!), god sallad, pina-colada cupcakes och t\u00e5rta. Mums! Mycket trevlig kv\u00e4ll! Kom dock i &hellip; <a href=\"http:\/\/karin.stampis.com\/blog\/?p=3197\">Continue reading <span class=\"meta-nav\">&rarr;<\/span><\/a><\/p>\n","protected":false},"author":1,"featured_media":0,"comment_status":"open","ping_status":"open","sticky":false,"template":"","format":"standard","meta":{"footnotes":""},"categories":[191],"tags":[20,71],"class_list":["post-3197","post","type-post","status-publish","format-standard","hentry","category-april-2009","tag-fest","tag-mat"],"_links":{"self":[{"href":"http:\/\/karin.stampis.com\/blog\/index.php?rest_route=\/wp\/v2\/posts\/3197","targetHints":{"allow":["GET"]}}],"collection":[{"href":"http:\/\/karin.stampis.com\/blog\/index.php?rest_route=\/wp\/v2\/posts"}],"about":[{"href":"http:\/\/karin.stampis.com\/blog\/index.php?rest_route=\/wp\/v2\/types\/post"}],"author":[{"embeddable":true,"href":"http:\/\/karin.stampis.com\/blog\/index.php?rest_route=\/wp\/v2\/users\/1"}],"replies":[{"embeddable":true,"href":"http:\/\/karin.stampis.com\/blog\/index.php?rest_route=%2Fwp%2Fv2%2Fcomments&post=3197"}],"version-history":[{"count":1,"href":"http:\/\/karin.stampis.com\/blog\/index.php?rest_route=\/wp\/v2\/posts\/3197\/revisions"}],"predecessor-version":[{"id":3201,"href":"http:\/\/karin.stampis.com\/blog\/index.php?rest_route=\/wp\/v2\/posts\/3197\/revisions\/3201"}],"wp:attachment":[{"href":"http:\/\/karin.stampis.com\/blog\/index.php?rest_route=%2Fwp%2Fv2%2Fmedia&parent=3197"}],"wp:term":[{"taxonomy":"category","embeddable":true,"href":"http:\/\/karin.stampis.com\/blog\/index.php?rest_route=%2Fwp%2Fv2%2Fcategories&post=3197"},{"taxonomy":"post_tag","embeddable":true,"href":"http:\/\/karin.stampis.com\/blog\/index.php?rest_route=%2Fwp%2Fv2%2Ftags&post=3197"}],"curies":[{"name":"wp","href":"https:\/\/api.w.org\/{rel}","templated":true}]}}