{"id":32038,"date":"2025-01-19T10:26:44","date_gmt":"2025-01-19T09:26:44","guid":{"rendered":"http:\/\/karin.stampis.com\/blog\/?p=32038"},"modified":"2025-01-19T10:30:28","modified_gmt":"2025-01-19T09:30:28","slug":"utflykt-i-lund","status":"publish","type":"post","link":"http:\/\/karin.stampis.com\/blog\/?p=32038","title":{"rendered":"Utflykt till Lund"},"content":{"rendered":"\n<p>Ig\u00e5r var vi en runda i Lund. Viktor fick influensavaccin (\u00e4r man under 9 \u00e5r beh\u00f6vde man tydligen tv\u00e5 doser), vilket han klarade finfint trots oro. Sen \u00e5t vi p\u00e5 M\u00e5rtens pizzeria, efter barnens \u00f6nskem\u00e5l.<\/p>\n\n\n\n<figure class=\"wp-block-image size-large\"><img loading=\"lazy\" decoding=\"async\" width=\"2000\" height=\"1500\" src=\"http:\/\/karin.stampis.com\/blog\/wp-content\/uploads\/2025\/01\/20250118_113923.jpg\" alt=\"\" class=\"wp-image-32039\"\/><\/figure>\n\n\n\n<p>Vi s\u00e5g p\u00e5 bio (vi har biocheckar som g\u00e5r ut snart, s\u00e5 det f\u00e5r bli n\u00e5gra bioturer i vinter). Vi s\u00e5g Vaiana 2. <\/p>\n\n\n\n<figure class=\"wp-block-image size-large\"><img loading=\"lazy\" decoding=\"async\" width=\"2000\" height=\"1500\" src=\"http:\/\/karin.stampis.com\/blog\/wp-content\/uploads\/2025\/01\/20250118_124306.jpg\" alt=\"\" class=\"wp-image-32040\"\/><\/figure>\n\n\n\n<p>Sen gick vi hem via Botan.<\/p>\n\n\n\n<figure class=\"wp-block-image size-large\"><img loading=\"lazy\" decoding=\"async\" width=\"2000\" height=\"1500\" src=\"http:\/\/karin.stampis.com\/blog\/wp-content\/uploads\/2025\/01\/20250118_145828.jpg\" alt=\"\" class=\"wp-image-32042\"\/><\/figure>\n\n\n\n<figure class=\"wp-block-image size-large\"><img loading=\"lazy\" decoding=\"async\" width=\"2000\" height=\"1500\" src=\"http:\/\/karin.stampis.com\/blog\/wp-content\/uploads\/2025\/01\/20250118_145850.jpg\" alt=\"\" class=\"wp-image-32041\"\/><\/figure>\n\n\n\n<p><\/p>\n","protected":false},"excerpt":{"rendered":"<p>Ig\u00e5r var vi en runda i Lund. Viktor fick influensavaccin (\u00e4r man under 9 \u00e5r beh\u00f6vde man tydligen tv\u00e5 doser), vilket han klarade finfint trots oro. Sen \u00e5t vi p\u00e5 M\u00e5rtens pizzeria, efter barnens \u00f6nskem\u00e5l. Vi s\u00e5g p\u00e5 bio (vi &hellip; <a href=\"http:\/\/karin.stampis.com\/blog\/?p=32038\">Continue reading <span class=\"meta-nav\">&rarr;<\/span><\/a><\/p>\n","protected":false},"author":1,"featured_media":0,"comment_status":"open","ping_status":"open","sticky":false,"template":"","format":"standard","meta":{"footnotes":""},"categories":[552,553],"tags":[],"class_list":["post-32038","post","type-post","status-publish","format-standard","hentry","category-552","category-januari-2025"],"_links":{"self":[{"href":"http:\/\/karin.stampis.com\/blog\/index.php?rest_route=\/wp\/v2\/posts\/32038","targetHints":{"allow":["GET"]}}],"collection":[{"href":"http:\/\/karin.stampis.com\/blog\/index.php?rest_route=\/wp\/v2\/posts"}],"about":[{"href":"http:\/\/karin.stampis.com\/blog\/index.php?rest_route=\/wp\/v2\/types\/post"}],"author":[{"embeddable":true,"href":"http:\/\/karin.stampis.com\/blog\/index.php?rest_route=\/wp\/v2\/users\/1"}],"replies":[{"embeddable":true,"href":"http:\/\/karin.stampis.com\/blog\/index.php?rest_route=%2Fwp%2Fv2%2Fcomments&post=32038"}],"version-history":[{"count":2,"href":"http:\/\/karin.stampis.com\/blog\/index.php?rest_route=\/wp\/v2\/posts\/32038\/revisions"}],"predecessor-version":[{"id":32052,"href":"http:\/\/karin.stampis.com\/blog\/index.php?rest_route=\/wp\/v2\/posts\/32038\/revisions\/32052"}],"wp:attachment":[{"href":"http:\/\/karin.stampis.com\/blog\/index.php?rest_route=%2Fwp%2Fv2%2Fmedia&parent=32038"}],"wp:term":[{"taxonomy":"category","embeddable":true,"href":"http:\/\/karin.stampis.com\/blog\/index.php?rest_route=%2Fwp%2Fv2%2Fcategories&post=32038"},{"taxonomy":"post_tag","embeddable":true,"href":"http:\/\/karin.stampis.com\/blog\/index.php?rest_route=%2Fwp%2Fv2%2Ftags&post=32038"}],"curies":[{"name":"wp","href":"https:\/\/api.w.org\/{rel}","templated":true}]}}