{"id":32186,"date":"2025-05-05T11:10:11","date_gmt":"2025-05-05T10:10:11","guid":{"rendered":"http:\/\/karin.stampis.com\/blog\/?p=32186"},"modified":"2025-05-03T11:10:18","modified_gmt":"2025-05-03T10:10:18","slug":"hejda-tornblad","status":"publish","type":"post","link":"http:\/\/karin.stampis.com\/blog\/?p=32186","title":{"rendered":"Hejd\u00e5 Tornblad"},"content":{"rendered":"\n<p>D\u00e5 har jag l\u00e4mnat lokalerna p\u00e5 jobbet i Lund, f\u00f6r att vara p\u00e5 kontorslandskap ist\u00e4llet. Det var nog h\u00f6jdpunkten i min kontorskarri\u00e4r, men Medicinska fakulteten ska spara pengar och avyttra lokalerna som dom f\u00e5tt donerade och renoverat. <\/p>\n\n\n\n<figure class=\"wp-block-image size-large\"><img loading=\"lazy\" decoding=\"async\" width=\"2000\" height=\"1500\" src=\"http:\/\/karin.stampis.com\/blog\/wp-content\/uploads\/2025\/05\/20250415_093900914.jpg\" alt=\"\" class=\"wp-image-32206\"\/><\/figure>\n\n\n\n<figure class=\"wp-block-image size-large\"><img loading=\"lazy\" decoding=\"async\" width=\"2000\" height=\"1500\" src=\"http:\/\/karin.stampis.com\/blog\/wp-content\/uploads\/2025\/05\/20250415_162302185.jpg\" alt=\"\" class=\"wp-image-32207\"\/><\/figure>\n\n\n\n<p>Fullt med flyttl\u00e5dor i mitt kontor.<\/p>\n\n\n\n<p>Men det blir s\u00e4kert bra p\u00e5 nya st\u00e4llet det med. Vi hade f\u00e5tt instruktioner att packa s\u00e5nt spom skulle sl\u00e4ngas i sopl\u00e5dor, och s\u00e5 fixade en flyttfirma flytten. Lite paff blev jag d\u00e5 de tydligen hade missf\u00f6rst\u00e5tt detta med sopl\u00e5dor, f\u00f6r s\u00e5 h\u00e4r s\u00e5g det ut p\u00e5 det nya st\u00e4llet d\u00e5 jag kom dit:<\/p>\n\n\n\n<figure class=\"wp-block-image size-full\"><img loading=\"lazy\" decoding=\"async\" width=\"2000\" height=\"1500\" src=\"http:\/\/karin.stampis.com\/blog\/wp-content\/uploads\/2025\/05\/20250429_085505309.jpg\" alt=\"\" class=\"wp-image-32209\"\/><\/figure>\n\n\n\n<p> <\/p>\n","protected":false},"excerpt":{"rendered":"<p>D\u00e5 har jag l\u00e4mnat lokalerna p\u00e5 jobbet i Lund, f\u00f6r att vara p\u00e5 kontorslandskap ist\u00e4llet. Det var nog h\u00f6jdpunkten i min kontorskarri\u00e4r, men Medicinska fakulteten ska spara pengar och avyttra lokalerna som dom f\u00e5tt donerade och renoverat. Fullt med flyttl\u00e5dor &hellip; <a href=\"http:\/\/karin.stampis.com\/blog\/?p=32186\">Continue reading <span class=\"meta-nav\">&rarr;<\/span><\/a><\/p>\n","protected":false},"author":1,"featured_media":0,"comment_status":"open","ping_status":"open","sticky":false,"template":"","format":"standard","meta":{"footnotes":""},"categories":[552,558,559],"tags":[],"class_list":["post-32186","post","type-post","status-publish","format-standard","hentry","category-552","category-april-2025-2025","category-maj-2025"],"_links":{"self":[{"href":"http:\/\/karin.stampis.com\/blog\/index.php?rest_route=\/wp\/v2\/posts\/32186","targetHints":{"allow":["GET"]}}],"collection":[{"href":"http:\/\/karin.stampis.com\/blog\/index.php?rest_route=\/wp\/v2\/posts"}],"about":[{"href":"http:\/\/karin.stampis.com\/blog\/index.php?rest_route=\/wp\/v2\/types\/post"}],"author":[{"embeddable":true,"href":"http:\/\/karin.stampis.com\/blog\/index.php?rest_route=\/wp\/v2\/users\/1"}],"replies":[{"embeddable":true,"href":"http:\/\/karin.stampis.com\/blog\/index.php?rest_route=%2Fwp%2Fv2%2Fcomments&post=32186"}],"version-history":[{"count":3,"href":"http:\/\/karin.stampis.com\/blog\/index.php?rest_route=\/wp\/v2\/posts\/32186\/revisions"}],"predecessor-version":[{"id":32210,"href":"http:\/\/karin.stampis.com\/blog\/index.php?rest_route=\/wp\/v2\/posts\/32186\/revisions\/32210"}],"wp:attachment":[{"href":"http:\/\/karin.stampis.com\/blog\/index.php?rest_route=%2Fwp%2Fv2%2Fmedia&parent=32186"}],"wp:term":[{"taxonomy":"category","embeddable":true,"href":"http:\/\/karin.stampis.com\/blog\/index.php?rest_route=%2Fwp%2Fv2%2Fcategories&post=32186"},{"taxonomy":"post_tag","embeddable":true,"href":"http:\/\/karin.stampis.com\/blog\/index.php?rest_route=%2Fwp%2Fv2%2Ftags&post=32186"}],"curies":[{"name":"wp","href":"https:\/\/api.w.org\/{rel}","templated":true}]}}