{"id":32263,"date":"2025-05-18T09:06:41","date_gmt":"2025-05-18T08:06:41","guid":{"rendered":"http:\/\/karin.stampis.com\/blog\/?p=32263"},"modified":"2025-05-18T12:42:03","modified_gmt":"2025-05-18T11:42:03","slug":"jimmys-fodelsedagsfirande","status":"publish","type":"post","link":"http:\/\/karin.stampis.com\/blog\/?p=32263","title":{"rendered":"Jimmys f\u00f6delsedagsfirande!"},"content":{"rendered":"\n<p>Maken fyllde nyligen \u00e5r !<\/p>\n\n\n\n<figure class=\"wp-block-image size-large\"><img loading=\"lazy\" decoding=\"async\" width=\"2000\" height=\"1500\" src=\"http:\/\/karin.stampis.com\/blog\/wp-content\/uploads\/2025\/05\/20250509_203448346.jpg\" alt=\"\" class=\"wp-image-32264\"\/><\/figure>\n\n\n\n<p>Vi \u00e5kte till Mommo p\u00e5 fredagen. Den blev en sen kv\u00e4llst\u00e5rta.<\/p>\n\n\n\n<figure class=\"wp-block-image size-large\"><img loading=\"lazy\" decoding=\"async\" width=\"2000\" height=\"1500\" src=\"http:\/\/karin.stampis.com\/blog\/wp-content\/uploads\/2025\/05\/20250510_104132816.jpg\" alt=\"\" class=\"wp-image-32267\"\/><\/figure>\n\n\n\n<p>Sen \u00e5kte vi iv\u00e4g och passerade sk\u00e5nska rapsf\u00e4lt.<\/p>\n\n\n\n<figure class=\"wp-block-image size-large\"><img loading=\"lazy\" decoding=\"async\" width=\"2000\" height=\"1500\" src=\"http:\/\/karin.stampis.com\/blog\/wp-content\/uploads\/2025\/05\/20250510_133854521.jpg\" alt=\"\" class=\"wp-image-32266\"\/><\/figure>\n\n\n\n<p>Vi \u00e5kte till detta fina hus i Ystad!<\/p>\n\n\n\n<figure class=\"wp-block-image size-large\"><img loading=\"lazy\" decoding=\"async\" width=\"2000\" height=\"1500\" src=\"http:\/\/karin.stampis.com\/blog\/wp-content\/uploads\/2025\/05\/20250510_131440129.jpg\" alt=\"\" class=\"wp-image-32265\"\/><\/figure>\n\n\n\n<p>Det var kallt, ca 10 grader. Vi gick en runda l\u00e4ngs vattnet. Det fanns v\u00e4ldigt, v\u00e4ldigt m\u00e5nga badhytter, flera hundra s\u00e4kerligen. H\u00e4r \u00e4r n\u00e5gra.<\/p>\n\n\n\n<figure class=\"wp-block-image size-large\"><img loading=\"lazy\" decoding=\"async\" width=\"2000\" height=\"1500\" src=\"http:\/\/karin.stampis.com\/blog\/wp-content\/uploads\/2025\/05\/20250510_141212563.jpg\" alt=\"\" class=\"wp-image-32268\"\/><\/figure>\n\n\n\n<p>Kaffe och scones innan incheckning.<\/p>\n\n\n\n<p>Sen var vi en stund p\u00e5 Ystad Saltsj\u00f6bad spa. Det var trevligt \ud83d\ude42 . Hade inte med n\u00e5gon mobil att ta foto med.<\/p>\n\n\n\n<figure class=\"wp-block-image size-large\"><img loading=\"lazy\" decoding=\"async\" width=\"2000\" height=\"1500\" src=\"http:\/\/karin.stampis.com\/blog\/wp-content\/uploads\/2025\/05\/20250510_184244796.jpg\" alt=\"\" class=\"wp-image-32269\"\/><\/figure>\n\n\n\n<p>God middag! Vi \u00e5t bl.a. lamm.<\/p>\n\n\n\n<figure class=\"wp-block-image size-large\"><img loading=\"lazy\" decoding=\"async\" width=\"2000\" height=\"1500\" src=\"http:\/\/karin.stampis.com\/blog\/wp-content\/uploads\/2025\/05\/20250510_195921977.jpg\" alt=\"\" class=\"wp-image-32271\"\/><\/figure>\n\n\n\n<figure class=\"wp-block-image size-full\"><img loading=\"lazy\" decoding=\"async\" width=\"2000\" height=\"1500\" src=\"http:\/\/karin.stampis.com\/blog\/wp-content\/uploads\/2025\/05\/20250510_212337430.jpg\" alt=\"\" class=\"wp-image-32272\"\/><\/figure>\n\n\n\n<p>VI gick en runda efter maten. Det var n\u00e5gon typ av Classic Car weekend s\u00e5 det var m\u00e5nga gamla bilar och h\u00f6g musik.<\/p>\n\n\n\n<figure class=\"wp-block-image size-large\"><img loading=\"lazy\" decoding=\"async\" width=\"1500\" height=\"2000\" src=\"http:\/\/karin.stampis.com\/blog\/wp-content\/uploads\/2025\/05\/20250511_085404941.jpg\" alt=\"\" class=\"wp-image-32270\"\/><\/figure>\n\n\n\n<p>Frukosten var supergod!<\/p>\n\n\n\n<figure class=\"wp-block-image size-large\"><img loading=\"lazy\" decoding=\"async\" width=\"2000\" height=\"1500\" src=\"http:\/\/karin.stampis.com\/blog\/wp-content\/uploads\/2025\/05\/20250511_192525314.jpg\" alt=\"\" class=\"wp-image-32274\"\/><\/figure>\n\n\n\n<p>K\u00f6rde tillbaks till Sl\u00e4ttar\u00f6d, d\u00e4r v\u00e4dret var ett annat. Killarna hade fullt upp med vattenkrig!<\/p>\n\n\n\n<figure class=\"wp-block-image size-large\"><img loading=\"lazy\" decoding=\"async\" width=\"2000\" height=\"1500\" src=\"http:\/\/karin.stampis.com\/blog\/wp-content\/uploads\/2025\/05\/20250511_174242916.jpg\" alt=\"\" class=\"wp-image-32273\"\/><\/figure>\n","protected":false},"excerpt":{"rendered":"<p>Maken fyllde nyligen \u00e5r ! Vi \u00e5kte till Mommo p\u00e5 fredagen. Den blev en sen kv\u00e4llst\u00e5rta. Sen \u00e5kte vi iv\u00e4g och passerade sk\u00e5nska rapsf\u00e4lt. Vi \u00e5kte till detta fina hus i Ystad! Det var kallt, ca 10 grader. Vi gick &hellip; <a href=\"http:\/\/karin.stampis.com\/blog\/?p=32263\">Continue reading <span class=\"meta-nav\">&rarr;<\/span><\/a><\/p>\n","protected":false},"author":1,"featured_media":0,"comment_status":"open","ping_status":"open","sticky":false,"template":"","format":"standard","meta":{"footnotes":""},"categories":[552,559],"tags":[],"class_list":["post-32263","post","type-post","status-publish","format-standard","hentry","category-552","category-maj-2025"],"_links":{"self":[{"href":"http:\/\/karin.stampis.com\/blog\/index.php?rest_route=\/wp\/v2\/posts\/32263","targetHints":{"allow":["GET"]}}],"collection":[{"href":"http:\/\/karin.stampis.com\/blog\/index.php?rest_route=\/wp\/v2\/posts"}],"about":[{"href":"http:\/\/karin.stampis.com\/blog\/index.php?rest_route=\/wp\/v2\/types\/post"}],"author":[{"embeddable":true,"href":"http:\/\/karin.stampis.com\/blog\/index.php?rest_route=\/wp\/v2\/users\/1"}],"replies":[{"embeddable":true,"href":"http:\/\/karin.stampis.com\/blog\/index.php?rest_route=%2Fwp%2Fv2%2Fcomments&post=32263"}],"version-history":[{"count":3,"href":"http:\/\/karin.stampis.com\/blog\/index.php?rest_route=\/wp\/v2\/posts\/32263\/revisions"}],"predecessor-version":[{"id":32283,"href":"http:\/\/karin.stampis.com\/blog\/index.php?rest_route=\/wp\/v2\/posts\/32263\/revisions\/32283"}],"wp:attachment":[{"href":"http:\/\/karin.stampis.com\/blog\/index.php?rest_route=%2Fwp%2Fv2%2Fmedia&parent=32263"}],"wp:term":[{"taxonomy":"category","embeddable":true,"href":"http:\/\/karin.stampis.com\/blog\/index.php?rest_route=%2Fwp%2Fv2%2Fcategories&post=32263"},{"taxonomy":"post_tag","embeddable":true,"href":"http:\/\/karin.stampis.com\/blog\/index.php?rest_route=%2Fwp%2Fv2%2Ftags&post=32263"}],"curies":[{"name":"wp","href":"https:\/\/api.w.org\/{rel}","templated":true}]}}