{"id":32401,"date":"2025-07-16T12:24:22","date_gmt":"2025-07-16T11:24:22","guid":{"rendered":"http:\/\/karin.stampis.com\/blog\/?p=32401"},"modified":"2025-07-16T12:25:26","modified_gmt":"2025-07-16T11:25:26","slug":"konferrensmiddag","status":"publish","type":"post","link":"http:\/\/karin.stampis.com\/blog\/?p=32401","title":{"rendered":"Konferrensmiddag"},"content":{"rendered":"\n<p>Jag var p\u00e5 en konferens i Malm\u00f6 i b\u00f6rjan av juni. Typiskt nog s\u00e5 var det sommarens antagligen varmaste dagar s\u00e5 l\u00e5ngt som jag d\u00e5 mestadels spenderade inomhus. En kv\u00e4ll s\u00e5 var det konferensmiddag, och d\u00e5 slutade jag lite tidigare och k\u00f6rde dit middagen skulle vara. Jag gick en l\u00e5ng promenad l\u00e4ngs Bunkeflo \u00e4ngar och Sibbarp. Middagen var p\u00e5 Luftkastellet, en restaurang med fin utsikt \u00f6ver bron.<\/p>\n\n\n\n<figure class=\"wp-block-image size-large\"><img loading=\"lazy\" decoding=\"async\" width=\"2000\" height=\"1500\" src=\"http:\/\/karin.stampis.com\/blog\/wp-content\/uploads\/2025\/07\/20250612_170233519.jpg\" alt=\"\" class=\"wp-image-32405\"\/><\/figure>\n\n\n\n<figure class=\"wp-block-image size-large\"><img loading=\"lazy\" decoding=\"async\" width=\"1500\" height=\"2000\" src=\"http:\/\/karin.stampis.com\/blog\/wp-content\/uploads\/2025\/07\/20250612_191627041.jpg\" alt=\"\" class=\"wp-image-32406\"\/><\/figure>\n\n\n\n<figure class=\"wp-block-image size-large\"><img loading=\"lazy\" decoding=\"async\" width=\"2000\" height=\"1500\" src=\"http:\/\/karin.stampis.com\/blog\/wp-content\/uploads\/2025\/07\/20250612_222802931.jpg\" alt=\"\" class=\"wp-image-32402\"\/><\/figure>\n\n\n\n<p>Dock s\u00e5 var det \u00e4ven en plats d\u00e4r studenter festade. D\u00e5 jag kom dit vid 5 s\u00e5 var det \u00e4nd\u00e5 relativt lugnt, f\u00f6rutom h\u00f6g musik. Det var \u00e4nd\u00e5 polisbilar d\u00e4r. <\/p>\n\n\n\n<figure class=\"wp-block-image size-large\"><img loading=\"lazy\" decoding=\"async\" width=\"2000\" height=\"1500\" src=\"http:\/\/karin.stampis.com\/blog\/wp-content\/uploads\/2025\/07\/20250612_190649574.jpg\" alt=\"\" class=\"wp-image-32403\"\/><\/figure>\n\n\n\n<p>Men d\u00e5 middagen slutade s\u00e5 var det helt galet. Jag tog inga foton ifr\u00e5n detta inferno, men det var helt r\u00f6kigt av alla raketer och en himla massa ov\u00e4sen. Det var v\u00e4ldigt mycket folk, varav de flesta s\u00e5g ut att vara \u00e4ldre \u00e4n de som tog studenten, och det var n\u00e4stan uteslutande m\u00e4n fr\u00e5n icke skid\u00e5kande nationer. Det stod ett helt g\u00e4ng vid min bil, och jag fr\u00e5gade en polis som var d\u00e4r om han kunde hj\u00e4lpa mig att ta mig dit och f\u00e5 bort folk s\u00e5 jag kunde backa ut. D\u00e5 jag k\u00f6rde iv\u00e4g s\u00e5 v\u00e4llde det in bilar i motsatt riktning, med folk som h\u00e4ngde ut fr\u00e5n rutorna och spelade galet h\u00f6g musik. S\u00e5 har det tydligen varit i Malm\u00f6 i tv\u00e5 veckor i samband med studenten&#8230;.<\/p>\n\n\n\n<figure class=\"wp-block-image size-large\"><img loading=\"lazy\" decoding=\"async\" width=\"2000\" height=\"1500\" src=\"http:\/\/karin.stampis.com\/blog\/wp-content\/uploads\/2025\/07\/20250613_180159444.jpg\" alt=\"\" class=\"wp-image-32404\"\/><\/figure>\n\n\n\n<p>Konferensen avslutades p\u00e5 fredagen, d\u00e5 barnen \u00e4ven hade avslutning. Lite bubbel, tilltugg och glass med jordgubbar hade vi f\u00f6r att fira! T\u00e4nk att Alfred blir h\u00f6gstadiekille i h\u00f6st \ud83d\ude42 <\/p>\n\n\n\n<p><\/p>\n","protected":false},"excerpt":{"rendered":"<p>Jag var p\u00e5 en konferens i Malm\u00f6 i b\u00f6rjan av juni. Typiskt nog s\u00e5 var det sommarens antagligen varmaste dagar s\u00e5 l\u00e5ngt som jag d\u00e5 mestadels spenderade inomhus. En kv\u00e4ll s\u00e5 var det konferensmiddag, och d\u00e5 slutade jag lite tidigare &hellip; <a href=\"http:\/\/karin.stampis.com\/blog\/?p=32401\">Continue reading <span class=\"meta-nav\">&rarr;<\/span><\/a><\/p>\n","protected":false},"author":1,"featured_media":0,"comment_status":"open","ping_status":"open","sticky":false,"template":"","format":"standard","meta":{"footnotes":""},"categories":[552,561,560],"tags":[],"class_list":["post-32401","post","type-post","status-publish","format-standard","hentry","category-552","category-juli-2025","category-juni-2025"],"_links":{"self":[{"href":"http:\/\/karin.stampis.com\/blog\/index.php?rest_route=\/wp\/v2\/posts\/32401","targetHints":{"allow":["GET"]}}],"collection":[{"href":"http:\/\/karin.stampis.com\/blog\/index.php?rest_route=\/wp\/v2\/posts"}],"about":[{"href":"http:\/\/karin.stampis.com\/blog\/index.php?rest_route=\/wp\/v2\/types\/post"}],"author":[{"embeddable":true,"href":"http:\/\/karin.stampis.com\/blog\/index.php?rest_route=\/wp\/v2\/users\/1"}],"replies":[{"embeddable":true,"href":"http:\/\/karin.stampis.com\/blog\/index.php?rest_route=%2Fwp%2Fv2%2Fcomments&post=32401"}],"version-history":[{"count":3,"href":"http:\/\/karin.stampis.com\/blog\/index.php?rest_route=\/wp\/v2\/posts\/32401\/revisions"}],"predecessor-version":[{"id":32419,"href":"http:\/\/karin.stampis.com\/blog\/index.php?rest_route=\/wp\/v2\/posts\/32401\/revisions\/32419"}],"wp:attachment":[{"href":"http:\/\/karin.stampis.com\/blog\/index.php?rest_route=%2Fwp%2Fv2%2Fmedia&parent=32401"}],"wp:term":[{"taxonomy":"category","embeddable":true,"href":"http:\/\/karin.stampis.com\/blog\/index.php?rest_route=%2Fwp%2Fv2%2Fcategories&post=32401"},{"taxonomy":"post_tag","embeddable":true,"href":"http:\/\/karin.stampis.com\/blog\/index.php?rest_route=%2Fwp%2Fv2%2Ftags&post=32401"}],"curies":[{"name":"wp","href":"https:\/\/api.w.org\/{rel}","templated":true}]}}